{"id":2581,"date":"2014-07-20T22:33:19","date_gmt":"2014-07-20T20:33:19","guid":{"rendered":"http:\/\/www.winklerbrothers.at\/?p=2581"},"modified":"2014-07-27T16:01:42","modified_gmt":"2014-07-27T14:01:42","slug":"brudertreffen-2014-im-auserfern","status":"publish","type":"post","link":"http:\/\/www.winklerbrothers.at\/?p=2581","title":{"rendered":"Br\u00fcdertreffen 2014 im Au\u00dferfern"},"content":{"rendered":"<p style=\"text-align: center;\">Es wird ein gem\u00fctliches Wochenende, hat Norbert mitgeteilt &#8230; <a href=\"http:\/\/www.winklerbrothers.at\/wp-content\/uploads\/2014\/07\/DSC00051_11.JPG\"><img loading=\"lazy\" decoding=\"async\" class=\"alignnone size-thumbnail wp-image-2635\" title=\"noch ein Betthupferl vorm Schlafen\" src=\"http:\/\/www.winklerbrothers.at\/wp-content\/uploads\/2014\/07\/DSC00051_11-150x150.jpg\" alt=\"noch ein Betthupferl vorm Schlafen\" width=\"150\" height=\"150\" \/><\/a><\/p>\n<p style=\"text-align: center;\">&#8230; das war&#8217;s auch &#8211; ein gem\u00fctliches, sommerlich sonniges Br\u00fcdertreffen!<!--more--><\/p>\n<div style=\"color: #000000; font-size: 13.3333px; font-family: HelveticaNeue,Helvetica Neue,Helvetica,Arial,Lucida Grande,sans-serif; background-color: transparent; font-style: normal; text-align: center;\"><span><a href=\"http:\/\/www.winklerbrothers.at\/wp-content\/uploads\/2014\/07\/DSC00014-Kopie.JPG\"><img loading=\"lazy\" decoding=\"async\" class=\"alignnone size-thumbnail wp-image-2588\" title=\"Unterkunft: Gasthof Schluxen\" src=\"http:\/\/www.winklerbrothers.at\/wp-content\/uploads\/2014\/07\/DSC00014-Kopie-150x150.jpg\" alt=\"Unterkunft: Gasthof Schluxen\" width=\"150\" height=\"150\" \/><\/a><\/span> Unterkunft: Gasthof Schluxen,<\/div>\n<div style=\"color: #000000; font-size: 13.3333px; font-family: HelveticaNeue,Helvetica Neue,Helvetica,Arial,Lucida Grande,sans-serif; background-color: transparent; font-style: normal; text-align: center;\">Anreise Freitag, abends gem\u00fctliches Zusammensitzen,<\/div>\n<div style=\"color: #000000; font-size: 13.3333px; font-family: HelveticaNeue,Helvetica Neue,Helvetica,Arial,Lucida Grande,sans-serif; background-color: transparent; font-style: normal; text-align: center;\"><span>geplant ist momentan am Samstag eine kleine Wanderung, wenns trocken ist \u00fcber das Hundsarschjoch zur Vilser Alm &#8211; <\/span><\/div>\n<div style=\"color: #000000; font-size: 13.3333px; font-family: HelveticaNeue,Helvetica Neue,Helvetica,Arial,Lucida Grande,sans-serif; background-color: transparent; font-style: normal; text-align: center;\"><span>(alternativ F\u00fcrstenstra\u00dfe, Alpsee, Alpenrosenweg), normale Wanderausr\u00fcstung reicht,<br \/>\n<\/span><\/div>\n<div style=\"color: #000000; font-size: 13.3333px; font-family: HelveticaNeue,Helvetica Neue,Helvetica,Arial,Lucida Grande,sans-serif; background-color: transparent; font-style: normal; text-align: center;\"><span>Abends  \u00dcberraschungsmen\u00fc. Sonntag gem\u00fctlicher Ausklang.<\/span><\/div>\n<div style=\"color: #000000; font-size: 13.3333px; font-family: HelveticaNeue,Helvetica Neue,Helvetica,Arial,Lucida Grande,sans-serif; background-color: transparent; font-style: normal;\"><span><br \/>\n<\/span><\/div>\n<div style=\"color: #000000; font-size: 13.3333px; font-family: HelveticaNeue,Helvetica Neue,Helvetica,Arial,Lucida Grande,sans-serif; background-color: transparent; font-style: normal;\"><span><a href=\"http:\/\/www.winklerbrothers.at\/wp-content\/uploads\/2014\/07\/DSC00017-Kopie.JPG\"><img loading=\"lazy\" decoding=\"async\" class=\"alignnone size-thumbnail wp-image-2589\" title=\"vor der neuen, gro\u00dfz\u00fcgigen Garage\" src=\"http:\/\/www.winklerbrothers.at\/wp-content\/uploads\/2014\/07\/DSC00017-Kopie-150x150.jpg\" alt=\"vor der neuen, gro\u00dfz\u00fcgigen Garage\" width=\"150\" height=\"150\" \/><\/a> <a href=\"http:\/\/www.winklerbrothers.at\/wp-content\/uploads\/2014\/07\/DSC00016-Kopie.JPG\"><img loading=\"lazy\" decoding=\"async\" class=\"alignnone size-thumbnail wp-image-2590\" title=\"Freitag Abend\" src=\"http:\/\/www.winklerbrothers.at\/wp-content\/uploads\/2014\/07\/DSC00016-Kopie-150x150.jpg\" alt=\"Freitag Abend\" width=\"150\" height=\"150\" \/> <\/a><a href=\"http:\/\/www.winklerbrothers.at\/wp-content\/uploads\/2014\/07\/DSC00021-Kopie.JPG\"><img loading=\"lazy\" decoding=\"async\" class=\"alignnone size-thumbnail wp-image-2591\" title=\"um halbzehn abends bin ich als Letzter angekommen\" src=\"http:\/\/www.winklerbrothers.at\/wp-content\/uploads\/2014\/07\/DSC00021-Kopie-150x150.jpg\" alt=\"um halbzehn abends bin ich als Letzter angekommen\" width=\"150\" height=\"150\" \/> <\/a><a href=\"http:\/\/www.winklerbrothers.at\/wp-content\/uploads\/2014\/07\/DSC00022-Kopie.JPG\"><img loading=\"lazy\" decoding=\"async\" class=\"alignnone size-thumbnail wp-image-2592\" title=\"Norbert und Maria haben feinen Nudelsalat und eine herrliche Jausenplatte vorbereitet\" src=\"http:\/\/www.winklerbrothers.at\/wp-content\/uploads\/2014\/07\/DSC00022-Kopie-150x150.jpg\" alt=\"Norbert und Maria haben feinen Nudelsalat und eine herrliche Jausenplatte vorbereitet\" width=\"150\" height=\"150\" \/> <\/a><\/span><\/div>\n<div style=\"color: #000000; font-size: 13.3333px; font-family: HelveticaNeue,Helvetica Neue,Helvetica,Arial,Lucida Grande,sans-serif; background-color: transparent; font-style: normal;\"><span>Um halbzehn abends sind wir schlie\u00dflich komplett und sitzen bei Schmankerln aus Maria&#8217;s K\u00fcche und diversem aus dem Keller gemeinsam vor der neuen Garage.<\/span><span> Wegen dem sommerlich hei\u00dfen Wetter ist f\u00fcr morgen die Wanderung zum Alpsee &#8211; mit Sprung ins k\u00fchle Na\u00df &#8211; geplant. <\/span><\/div>\n<div style=\"color: #000000; font-size: 13.3333px; font-family: HelveticaNeue,Helvetica Neue,Helvetica,Arial,Lucida Grande,sans-serif; background-color: transparent; font-style: normal;\"><span><a href=\"http:\/\/www.winklerbrothers.at\/wp-content\/uploads\/2014\/07\/P1100402.JPG\"><img loading=\"lazy\" decoding=\"async\" class=\"alignnone size-thumbnail wp-image-2594\" title=\"nach dem ausgiebigen Fr\u00fchst\u00fcck geht es direkt vom GH Schluxen los\" src=\"http:\/\/www.winklerbrothers.at\/wp-content\/uploads\/2014\/07\/P1100402-150x150.jpg\" alt=\"nach dem ausgiebigen Fr\u00fchst\u00fcck geht es direkt vom GH Schluxen los\" width=\"150\" height=\"150\" \/><\/a> <a href=\"http:\/\/www.winklerbrothers.at\/wp-content\/uploads\/2014\/07\/DSC00023-Kopie.JPG\"><img loading=\"lazy\" decoding=\"async\" class=\"alignnone size-thumbnail wp-image-2595\" title=\"die Wanderung beginnt \u00e4u\u00dferst gem\u00fctlich\" src=\"http:\/\/www.winklerbrothers.at\/wp-content\/uploads\/2014\/07\/DSC00023-Kopie-150x150.jpg\" alt=\"die Wanderung beginnt \u00e4u\u00dferst gem\u00fctlich\" width=\"150\" height=\"150\" \/><\/a> <a href=\"http:\/\/www.winklerbrothers.at\/wp-content\/uploads\/2014\/07\/P1100405.JPG\"><img loading=\"lazy\" decoding=\"async\" class=\"alignnone size-thumbnail wp-image-2596\" title=\"ich bin ein Musikant ...\" src=\"http:\/\/www.winklerbrothers.at\/wp-content\/uploads\/2014\/07\/P1100405-150x150.jpg\" alt=\"ich bin ein Musikant ...\" width=\"150\" height=\"150\" \/> <\/a><a href=\"http:\/\/www.winklerbrothers.at\/wp-content\/uploads\/2014\/07\/P1100408.JPG\"><img loading=\"lazy\" decoding=\"async\" class=\"alignnone size-thumbnail wp-image-2597\" title=\"Kurzweilig geht es \u00fcber den Walderlebnispfad zum Alpenrosenweg\" src=\"http:\/\/www.winklerbrothers.at\/wp-content\/uploads\/2014\/07\/P1100408-150x150.jpg\" alt=\"Kurzweilig geht es \u00fcber den Walderlebnispfad zum Alpenrosenweg\" width=\"150\" height=\"150\" \/><\/a> <\/span><\/div>\n<div style=\"color: #000000; font-size: 13.3333px; font-family: HelveticaNeue,Helvetica Neue,Helvetica,Arial,Lucida Grande,sans-serif; background-color: transparent; font-style: normal;\"><span>Auf dem Kratzerweg wandern wir von Pinswang nach Ziegelwies (F\u00fcssen) <\/span><span>Deutschland. Weiter \u00fcber den <\/span><span>Alpenrosenweg <\/span><span>zum unterhalb der K\u00f6nigsschl\u00f6sser Hohenschwangau und Neuschwanstein gelegenen Alpsee. <\/span><\/div>\n<div style=\"color: #000000; font-size: 13.3333px; font-family: HelveticaNeue,Helvetica Neue,Helvetica,Arial,Lucida Grande,sans-serif; background-color: transparent; font-style: normal;\"><span><a href=\"http:\/\/www.winklerbrothers.at\/wp-content\/uploads\/2014\/07\/P1100409.JPG\"><img loading=\"lazy\" decoding=\"async\" class=\"alignnone size-thumbnail wp-image-2598\" title=\"Der Alpenrosenweg ist sch\u00f6n angelegt und f\u00fchrt beim Schwansee vorbei zu den K\u00f6nigsschl\u00f6ssern\" src=\"http:\/\/www.winklerbrothers.at\/wp-content\/uploads\/2014\/07\/P1100409-150x150.jpg\" alt=\"Der Alpenrosenweg ist sch\u00f6n angelegt und f\u00fchrt beim Schwansee vorbei zu den K\u00f6nigsschl\u00f6ssern\" width=\"150\" height=\"150\" \/> <\/a><a href=\"http:\/\/www.winklerbrothers.at\/wp-content\/uploads\/2014\/07\/DSC00028-Kopie.JPG\"><img loading=\"lazy\" decoding=\"async\" class=\"alignnone size-thumbnail wp-image-2599\" title=\"Sankt Herbert - Steg, da mu\u00df ich noch ein Foto haben\" src=\"http:\/\/www.winklerbrothers.at\/wp-content\/uploads\/2014\/07\/DSC00028-Kopie-150x150.jpg\" alt=\"Sankt Herbert - Steg, da mu\u00df ich noch ein Foto haben\" width=\"150\" height=\"150\" \/><\/a> <a href=\"http:\/\/www.winklerbrothers.at\/wp-content\/uploads\/2014\/07\/P1100410.JPG\"><img loading=\"lazy\" decoding=\"async\" class=\"alignnone size-thumbnail wp-image-2600\" title=\"Schwangau\" src=\"http:\/\/www.winklerbrothers.at\/wp-content\/uploads\/2014\/07\/P1100410-150x150.jpg\" alt=\"Schwangau\" width=\"150\" height=\"150\" \/><\/a> <a href=\"http:\/\/www.winklerbrothers.at\/wp-content\/uploads\/2014\/07\/P1100412.JPG\"><img loading=\"lazy\" decoding=\"async\" class=\"alignnone size-thumbnail wp-image-2601\" title=\"Hohenschwangau\" src=\"http:\/\/www.winklerbrothers.at\/wp-content\/uploads\/2014\/07\/P1100412-150x150.jpg\" alt=\"Hohenschwangau\" width=\"150\" height=\"150\" \/><\/a> <\/span><\/div>\n<div style=\"color: #000000; font-size: 13.3333px; font-family: HelveticaNeue,Helvetica Neue,Helvetica,Arial,Lucida Grande,sans-serif; background-color: transparent; font-style: normal;\"><span>Hier kehren wir im Restaurant Alpenrose am See ein und geniessen auf der Sonnenterrasse ein K\u00f6nig Ludwig Weissbier. <\/span><\/div>\n<div style=\"color: #000000; font-size: 13.3333px; font-family: HelveticaNeue,Helvetica Neue,Helvetica,Arial,Lucida Grande,sans-serif; background-color: transparent; font-style: normal;\"><span><a href=\"http:\/\/www.winklerbrothers.at\/wp-content\/uploads\/2014\/07\/P1100414.JPG\"><img loading=\"lazy\" decoding=\"async\" class=\"alignnone size-thumbnail wp-image-2608\" title=\"Schloss Hohenschwangau und das im Jahr 2011 neuer\u00f6ffnete Restaurant Alpenrose am See\" src=\"http:\/\/www.winklerbrothers.at\/wp-content\/uploads\/2014\/07\/P1100414-150x150.jpg\" alt=\"Schloss Hohenschwangau und das im Jahr 2011 neuer\u00f6ffnete Restaurant Alpenrose am See\" width=\"150\" height=\"150\" \/><\/a> <a href=\"http:\/\/www.winklerbrothers.at\/wp-content\/uploads\/2014\/07\/SAM_0108-Kopie.JPG\"><img loading=\"lazy\" decoding=\"async\" class=\"alignnone size-thumbnail wp-image-2603\" title=\"auf der herrlichen Sonnenterrasse des Restaurant Alpenrose am See\" src=\"http:\/\/www.winklerbrothers.at\/wp-content\/uploads\/2014\/07\/SAM_0108-Kopie-150x150.jpg\" alt=\"auf der herrlichen Sonnenterrasse des Restaurant Alpenrose am See\" width=\"150\" height=\"150\" \/><\/a> <a href=\"http:\/\/www.winklerbrothers.at\/wp-content\/uploads\/2014\/07\/SAM_0109-Kopie.JPG\"><img loading=\"lazy\" decoding=\"async\" class=\"alignnone size-thumbnail wp-image-2604\" title=\"ge\u00f6ffnet ab 11:30 Uhr - Mittagessen ab 12\" src=\"http:\/\/www.winklerbrothers.at\/wp-content\/uploads\/2014\/07\/SAM_0109-Kopie-150x150.jpg\" alt=\"ge\u00f6ffnet ab 11:30 Uhr - Mittagessen ab 12\" width=\"150\" height=\"150\" \/><\/a> <a href=\"http:\/\/www.winklerbrothers.at\/wp-content\/uploads\/2014\/07\/SAM_0110-Kopie.JPG\"><img loading=\"lazy\" decoding=\"async\" class=\"alignnone size-thumbnail wp-image-2605\" title=\"In Bayern m\u00fcssen wir nat\u00fcrlich ein Weissbier trinken\" src=\"http:\/\/www.winklerbrothers.at\/wp-content\/uploads\/2014\/07\/SAM_0110-Kopie-150x150.jpg\" alt=\"In Bayern m\u00fcssen wir nat\u00fcrlich ein Weissbier trinken\" width=\"150\" height=\"150\" \/><\/a><\/span><\/div>\n<div style=\"color: #000000; font-size: 13.3333px; font-family: HelveticaNeue,Helvetica Neue,Helvetica,Arial,Lucida Grande,sans-serif; background-color: transparent; font-style: normal;\"><span>Weiter geht&#8217;s am Seeufer entlang zum Alpseebad, erbaut ca. 1900, ganz aus einer schlichten Holzkonstruktion, schmiegt sie sich fast unbemerkt in die Landschaft. <\/span><\/div>\n<div style=\"color: #000000; font-size: 13.3333px; font-family: HelveticaNeue,Helvetica Neue,Helvetica,Arial,Lucida Grande,sans-serif; background-color: transparent; font-style: normal;\"><span><a href=\"http:\/\/www.winklerbrothers.at\/wp-content\/uploads\/2014\/07\/P11004131.JPG\"><img loading=\"lazy\" decoding=\"async\" class=\"alignnone size-thumbnail wp-image-2609\" title=\"Alpsee in Hohenschwangau\" src=\"http:\/\/www.winklerbrothers.at\/wp-content\/uploads\/2014\/07\/P11004131-150x150.jpg\" alt=\"Alpsee in Hohenschwangau\" width=\"150\" height=\"150\" \/><\/a><\/span><span><a href=\"http:\/\/www.winklerbrothers.at\/wp-content\/uploads\/2014\/07\/P11004131.JPG\"><\/a><a href=\"http:\/\/www.winklerbrothers.at\/wp-content\/uploads\/2014\/07\/P1100415.JPG\"> <img loading=\"lazy\" decoding=\"async\" class=\"alignnone size-thumbnail wp-image-2610\" title=\"rund um den Alpsee\" src=\"http:\/\/www.winklerbrothers.at\/wp-content\/uploads\/2014\/07\/P1100415-150x150.jpg\" alt=\"rund um den Alpsee\" width=\"150\" height=\"150\" \/> <\/a><a href=\"http:\/\/www.winklerbrothers.at\/wp-content\/uploads\/2014\/07\/P1100417.JPG\"><img loading=\"lazy\" decoding=\"async\" class=\"alignnone size-thumbnail wp-image-2611\" title=\"erfrischend ...\" src=\"http:\/\/www.winklerbrothers.at\/wp-content\/uploads\/2014\/07\/P1100417-150x150.jpg\" alt=\"erfrischend ...\" width=\"150\" height=\"150\" \/><\/a> <a href=\"http:\/\/www.winklerbrothers.at\/wp-content\/uploads\/2014\/07\/P1100418.JPG\"><img loading=\"lazy\" decoding=\"async\" class=\"alignnone size-thumbnail wp-image-2612\" title=\"... das tut gut\" src=\"http:\/\/www.winklerbrothers.at\/wp-content\/uploads\/2014\/07\/P1100418-150x150.jpg\" alt=\"... das tut gut\" width=\"150\" height=\"150\" \/><\/a> <\/span><\/div>\n<div style=\"color: #000000; font-size: 13.3333px; font-family: HelveticaNeue,Helvetica Neue,Helvetica,Arial,Lucida Grande,sans-serif; background-color: transparent; font-style: normal;\"><span>Das Wasser ist erfrischend, ganz knapp unter der Oberfl\u00e4che hat es angeblich stellenweise sogar 20 Grad \ud83d\ude09<\/span><\/div>\n<div style=\"color: #000000; font-size: 13.3333px; font-family: HelveticaNeue,Helvetica Neue,Helvetica,Arial,Lucida Grande,sans-serif; background-color: transparent; font-style: normal;\"><span><a href=\"http:\/\/www.winklerbrothers.at\/wp-content\/uploads\/2014\/07\/P1100416.JPG\"><img loading=\"lazy\" decoding=\"async\" class=\"alignnone size-thumbnail wp-image-2615\" title=\"Neuschwanstein\" src=\"http:\/\/www.winklerbrothers.at\/wp-content\/uploads\/2014\/07\/P1100416-150x150.jpg\" alt=\"Neuschwanstein\" width=\"150\" height=\"150\" \/> <\/a><a href=\"http:\/\/www.winklerbrothers.at\/wp-content\/uploads\/2014\/07\/DSC00033-Kopie.JPG\"><img loading=\"lazy\" decoding=\"async\" class=\"alignnone size-thumbnail wp-image-2618\" title=\"... mit der Badehose ...\" src=\"http:\/\/www.winklerbrothers.at\/wp-content\/uploads\/2014\/07\/DSC00033-Kopie-150x150.jpg\" alt=\"... mit der Badehose ...\" width=\"150\" height=\"150\" srcset=\"http:\/\/www.winklerbrothers.at\/wp-content\/uploads\/2014\/07\/DSC00033-Kopie-150x150.jpg 150w, http:\/\/www.winklerbrothers.at\/wp-content\/uploads\/2014\/07\/DSC00033-Kopie-300x300.jpg 300w, http:\/\/www.winklerbrothers.at\/wp-content\/uploads\/2014\/07\/DSC00033-Kopie-1024x1024.jpg 1024w, http:\/\/www.winklerbrothers.at\/wp-content\/uploads\/2014\/07\/DSC00033-Kopie.JPG 1200w\" sizes=\"auto, (max-width: 150px) 100vw, 150px\" \/><\/a> <a href=\"http:\/\/www.winklerbrothers.at\/wp-content\/uploads\/2014\/07\/P1100419.JPG\"><img loading=\"lazy\" decoding=\"async\" class=\"alignnone size-thumbnail wp-image-2619\" title=\"&quot;die Badehose ist na\u00df, ich lasse sie noch trocknen, bevor ich in die Hose h\u00fcpfe&quot;\" src=\"http:\/\/www.winklerbrothers.at\/wp-content\/uploads\/2014\/07\/P1100419-150x150.jpg\" alt=\"&quot;die Badehose ist na\u00df, ich lasse sie noch trocknen, bevor ich in die Hose h\u00fcpfe&quot;\" width=\"150\" height=\"150\" \/><\/a> <a href=\"http:\/\/www.winklerbrothers.at\/wp-content\/uploads\/2014\/07\/P1100422.JPG\"><\/a><a href=\"http:\/\/www.winklerbrothers.at\/wp-content\/uploads\/2014\/07\/P1100422.JPG\"><img loading=\"lazy\" decoding=\"async\" class=\"alignnone size-thumbnail wp-image-2620\" title=\"Badesteg Alpseebad\" src=\"http:\/\/www.winklerbrothers.at\/wp-content\/uploads\/2014\/07\/P1100422-150x150.jpg\" alt=\"Badesteg Alpseebad\" width=\"150\" height=\"150\" \/> <\/a><\/span><\/div>\n<div style=\"color: #000000; font-size: 13.3333px; font-family: HelveticaNeue,Helvetica Neue,Helvetica,Arial,Lucida Grande,sans-serif; background-color: transparent; font-style: normal;\"><span>Nach unserem Bad im Alpsee w\u00e4rmen wir uns in der Nachmittagssonne auf der Liegewiese wieder auf, bis unsere Wanderung weitergeht. Weiter dem Seeufer entlang bis zur Abzweigung &#8222;Zum Israelit&#8220; und hier den Wanderweg hinauf. Bei der Abzweigung hat man auch einen wunderbaren Blick \u00fcber den See zu den beiden K\u00f6nigsschl\u00f6ssern. <\/span><\/div>\n<div style=\"color: #000000; font-size: 13.3333px; font-family: HelveticaNeue,Helvetica Neue,Helvetica,Arial,Lucida Grande,sans-serif; background-color: transparent; font-style: normal;\"><span><a href=\"http:\/\/www.winklerbrothers.at\/wp-content\/uploads\/2014\/07\/P1100423.JPG\"><img loading=\"lazy\" decoding=\"async\" class=\"alignnone size-thumbnail wp-image-2622\" title=\"Austieg zu den m\u00e4chtigen Israelitenfelsen\" src=\"http:\/\/www.winklerbrothers.at\/wp-content\/uploads\/2014\/07\/P1100423-150x150.jpg\" alt=\"Austieg zu den m\u00e4chtigen Israelitenfelsen\" width=\"150\" height=\"150\" \/><\/a> <a href=\"http:\/\/www.winklerbrothers.at\/wp-content\/uploads\/2014\/07\/SAM_0121.JPG\"><img loading=\"lazy\" decoding=\"async\" class=\"alignnone size-thumbnail wp-image-2627\" title=\"unter den Israeliten-Felsen\" src=\"http:\/\/www.winklerbrothers.at\/wp-content\/uploads\/2014\/07\/SAM_0121-150x150.jpg\" alt=\"unter den Israeliten-Felsen\" width=\"150\" height=\"150\" \/><\/a> <a href=\"http:\/\/www.winklerbrothers.at\/wp-content\/uploads\/2014\/07\/DSC00035-Kopie.JPG\"><img loading=\"lazy\" decoding=\"async\" class=\"alignnone size-thumbnail wp-image-2623\" title=\"der Wanderweg f\u00fchrt unter den Israelitenfelsen hinauf\" src=\"http:\/\/www.winklerbrothers.at\/wp-content\/uploads\/2014\/07\/DSC00035-Kopie-150x150.jpg\" alt=\"der Wanderweg f\u00fchrt unter den Israelitenfelsen hinauf\" width=\"150\" height=\"150\" \/><\/a> <a href=\"http:\/\/www.winklerbrothers.at\/wp-content\/uploads\/2014\/07\/P1100424.JPG\"><img loading=\"lazy\" decoding=\"async\" class=\"alignnone size-thumbnail wp-image-2624\" title=\"hei\u00df ... Schwei\u00df ... es zieht sich der Anstieg in der br\u00fctenden Sonne hinauf zum Dreil\u00e4ndereck\" src=\"http:\/\/www.winklerbrothers.at\/wp-content\/uploads\/2014\/07\/P1100424-150x150.jpg\" alt=\"hei\u00df ... Schwei\u00df ... es zieht sich der Anstieg in der br\u00fctenden Sonne hinauf zum Dreil\u00e4ndereck\" width=\"150\" height=\"150\" \/> <\/a> <\/span><\/div>\n<div style=\"color: #000000; font-size: 13.3333px; font-family: HelveticaNeue,Helvetica Neue,Helvetica,Arial,Lucida Grande,sans-serif; background-color: transparent; font-style: normal;\"><span>Bald sto\u00dfen wir wieder auf die F\u00fcrstenstrasse in Richtung des ehemaligem Grenz\u00fcbergangs &gt; Schluxen. Bisher im schattigen Wald unterwegs, nehmen wir nun noch den Anstieg \u00fcber die schotterige Forststrasse auf den Aussichtspunkt Dreil\u00e4ndereck in Angriff. <\/span><\/div>\n<div style=\"color: #000000; font-size: 13.3333px; font-family: HelveticaNeue,Helvetica Neue,Helvetica,Arial,Lucida Grande,sans-serif; background-color: transparent; font-style: normal;\"><span><a href=\"http:\/\/www.winklerbrothers.at\/wp-content\/uploads\/2014\/07\/DSC00037-Kopie.JPG\"><img loading=\"lazy\" decoding=\"async\" class=\"alignnone size-thumbnail wp-image-2628\" title=\"Dreil\u00e4ndereck - Ausblick nach F\u00fcssen\" src=\"http:\/\/www.winklerbrothers.at\/wp-content\/uploads\/2014\/07\/DSC00037-Kopie-150x150.jpg\" alt=\"Dreil\u00e4ndereck - Ausblick nach F\u00fcssen\" width=\"150\" height=\"150\" \/><\/a> <span><a href=\"http:\/\/www.winklerbrothers.at\/wp-content\/uploads\/2014\/07\/P1100434.JPG\"><img loading=\"lazy\" decoding=\"async\" title=\"\u00dcberw\u00e4ltigender Ausblick hinunter nach F\u00fcssen und zum Forggensee, der sich im Zuge der Lech-Staustufe aus dem F\u00fcssenersee bildete \" src=\"http:\/\/www.winklerbrothers.at\/wp-content\/uploads\/2014\/07\/P1100434-150x150.jpg\" alt=\"\u00dcberw\u00e4ltigender Ausblick hinunter nach F\u00fcssen und zum Forggensee, der sich im Zuge der Lech-Staustufe aus dem F\u00fcssenersee bildete \" width=\"150\" height=\"150\" \/><\/a><\/span> <a href=\"http:\/\/www.winklerbrothers.at\/wp-content\/uploads\/2014\/07\/DSC00036-Kopie.JPG\"><img loading=\"lazy\" decoding=\"async\" class=\"alignnone size-thumbnail wp-image-2629\" title=\"Walter mag so verschwitzt kein Foto\" src=\"http:\/\/www.winklerbrothers.at\/wp-content\/uploads\/2014\/07\/DSC00036-Kopie-150x150.jpg\" alt=\"Walter mag so verschwitzt kein Foto\" width=\"150\" height=\"150\" \/><\/a> <a href=\"http:\/\/www.winklerbrothers.at\/wp-content\/uploads\/2014\/07\/DSC00040-Kopie.JPG\"><img loading=\"lazy\" decoding=\"async\" class=\"alignnone size-thumbnail wp-image-2631\" title=\"glupsch\" src=\"http:\/\/www.winklerbrothers.at\/wp-content\/uploads\/2014\/07\/DSC00040-Kopie-150x150.jpg\" alt=\"glupsch\" width=\"150\" height=\"150\" \/><\/a><br \/>\n<\/span><\/div>\n<div style=\"color: #000000; font-size: 13.3333px; font-family: HelveticaNeue,Helvetica Neue,Helvetica,Arial,Lucida Grande,sans-serif; background-color: transparent; font-style: normal;\"><span>Der Weg hinauf zum Aussichtspunkt ist sonnig und hei\u00df, der Schatten sehr sp\u00e4rlich&#8230; daf\u00fcr k\u00f6nnen wir s\u00fc\u00dfe, sonnenverw\u00f6hnte Walderdbeeren naschen. Und der Schwei\u00df rinnt &#8230; Dann ist das Dreil\u00e4ndereck auf dem Schwarzenberg erreicht und wir blicken hinunter nach F\u00fcssen und zu den vielen kleinen und gr\u00f6\u00dferen Seen im Ostallg\u00e4u.<br \/>\n<\/span><\/div>\n<div style=\"color: #000000; font-size: 13.3333px; font-family: HelveticaNeue,Helvetica Neue,Helvetica,Arial,Lucida Grande,sans-serif; background-color: transparent; font-style: normal;\"><span><a href=\"http:\/\/www.winklerbrothers.at\/wp-content\/uploads\/2014\/07\/DSC00038-Kopie.JPG\"><img loading=\"lazy\" decoding=\"async\" class=\"alignnone size-thumbnail wp-image-2630\" title=\"Der Grenzstein auf dem Dreil\u00e4ndereck, um 1800 trafen hier die L\u00e4nder Kurf\u00fcrstentum Bayern, Grafschaft Tirol und Hochstift Augsburg zusammen\" src=\"http:\/\/www.winklerbrothers.at\/wp-content\/uploads\/2014\/07\/DSC00038-Kopie-150x150.jpg\" alt=\"Der Grenzstein auf dem Dreil\u00e4ndereck, um 1800 trafen hier die L\u00e4nder Kurf\u00fcrstentum Bayern, Grafschaft Tirol und Hochstift Augsburg zusammen\" width=\"150\" height=\"150\" \/><\/a><\/span><span><a href=\"http:\/\/www.winklerbrothers.at\/wp-content\/uploads\/2014\/07\/DSC00039-Kopie.JPG\"> <img loading=\"lazy\" decoding=\"async\" class=\"alignnone size-thumbnail wp-image-2632\" title=\"Abstieg nach Pinswang westseitig durch den schattigen Wald \" src=\"http:\/\/www.winklerbrothers.at\/wp-content\/uploads\/2014\/07\/DSC00039-Kopie-150x150.jpg\" alt=\"Abstieg nach Pinswang westseitig durch den schattigen Wald \" width=\"150\" height=\"150\" \/><\/a> <a href=\"http:\/\/www.winklerbrothers.at\/wp-content\/uploads\/2014\/07\/P1100440.JPG\"><img loading=\"lazy\" decoding=\"async\" class=\"alignnone size-thumbnail wp-image-2633\" title=\"wir halten uns bei der untersten Weggabelung rechts Richtung Schluxen\" src=\"http:\/\/www.winklerbrothers.at\/wp-content\/uploads\/2014\/07\/P1100440-150x150.jpg\" alt=\"wir halten uns bei der untersten Weggabelung rechts Richtung Schluxen\" width=\"150\" height=\"150\" \/><\/a> <a href=\"http:\/\/www.winklerbrothers.at\/wp-content\/uploads\/2014\/07\/P11004421.JPG\"><img loading=\"lazy\" decoding=\"async\" class=\"alignnone size-thumbnail wp-image-2634\" title=\"Rotes Waldv\u00f6glein, ein besonders sch\u00f6nes Exemplar unserer Knabenkrautgew\u00e4chse\/Orchideen\" src=\"http:\/\/www.winklerbrothers.at\/wp-content\/uploads\/2014\/07\/P11004421-150x150.jpg\" alt=\"Rotes Waldv\u00f6glein, ein besonders sch\u00f6nes Exemplar unserer Knabenkrautgew\u00e4chse\/Orchideen\" width=\"150\" height=\"150\" \/><\/a><\/span><\/div>\n<div style=\"color: #000000; font-size: 13.3333px; font-family: HelveticaNeue,Helvetica Neue,Helvetica,Arial,Lucida Grande,sans-serif; background-color: transparent; font-style: normal;\"><span>Wir w\u00e4hlen den schattigeren Abstieg. Kurz hinauf zum Schwarzenberg und westseitig hinunter Richtung Schlo\u00df Loch und hin\u00fcber zum Schluxen &#8211; wie freuen wir uns auf ein k\u00fchles Bier und die <\/span><span>erfrischende <\/span><span>Dusche. Und anschlie\u00dfend auf das von Norbert angek\u00fcndigte \u00dcberraschungsmen\u00fc.<br \/>\n<\/span><\/div>\n<div style=\"color: #000000; font-size: 13.3333px; font-family: HelveticaNeue,Helvetica Neue,Helvetica,Arial,Lucida Grande,sans-serif; background-color: transparent; font-style: normal;\"><span><a href=\"http:\/\/www.winklerbrothers.at\/wp-content\/uploads\/2014\/07\/DSC00043-Kopie.JPG\"><img loading=\"lazy\" decoding=\"async\" class=\"alignnone size-thumbnail wp-image-2638\" title=\"Norbert's gelungenes \u00dcberraschungsmen\u00fc\" src=\"http:\/\/www.winklerbrothers.at\/wp-content\/uploads\/2014\/07\/DSC00043-Kopie-150x150.jpg\" alt=\"Norbert's gelungenes \u00dcberraschungsmen\u00fc\" width=\"150\" height=\"150\" \/> <\/a><a href=\"http:\/\/www.winklerbrothers.at\/wp-content\/uploads\/2014\/07\/DSC00046-Kopie.JPG\"><img loading=\"lazy\" decoding=\"async\" class=\"alignnone size-thumbnail wp-image-2639\" title=\"die Grillspie\u00dfe werden von uns hungrigen Wanderern problemlos weggeputzt\" src=\"http:\/\/www.winklerbrothers.at\/wp-content\/uploads\/2014\/07\/DSC00046-Kopie-150x150.jpg\" alt=\"die Grillspie\u00dfe werden von uns hungrigen Wanderern problemlos weggeputzt\" width=\"150\" height=\"150\" \/><\/a> <a href=\"http:\/\/www.winklerbrothers.at\/wp-content\/uploads\/2014\/07\/DSC00050-Kopie.JPG\"><img loading=\"lazy\" decoding=\"async\" class=\"alignnone size-thumbnail wp-image-2640\" title=\"... bis es um Mitternacht hei\u00dft: Nehmen wir noch ein Reiseachtel ...\" src=\"http:\/\/www.winklerbrothers.at\/wp-content\/uploads\/2014\/07\/DSC00050-Kopie-150x150.jpg\" alt=\"... bis es um Mitternacht hei\u00dft: Nehmen wir noch ein Reiseachtel ...\" width=\"150\" height=\"150\" \/><\/a> <a href=\"http:\/\/www.winklerbrothers.at\/wp-content\/uploads\/2014\/07\/DSC00052_1.JPG\"><img loading=\"lazy\" decoding=\"async\" class=\"alignnone size-thumbnail wp-image-2641\" title=\"nach dem s\u00fcffigen St. Laurent vom Pittnauer, Gols, gibt's noch ein Reiseachtel\" src=\"http:\/\/www.winklerbrothers.at\/wp-content\/uploads\/2014\/07\/DSC00052_1-150x150.jpg\" alt=\"nach dem s\u00fcffigen St. Laurent vom Pittnauer, Gols, gibt's noch ein Reiseachtel\" width=\"150\" height=\"150\" \/><\/a><\/span><\/div>\n<div style=\"color: #000000; font-size: 13.3333px; font-family: HelveticaNeue,Helvetica Neue,Helvetica,Arial,Lucida Grande,sans-serif; background-color: transparent; font-style: normal;\"><span>Sonntag &#8211; heute packen wir schon wieder unsere Reisetaschen, noch zu Maria und Norbert zum Abschiednehmen, dann geht&#8217;s wieder heimw\u00e4rts. <\/span><\/div>\n<div style=\"color: #000000; font-size: 13.3333px; font-family: HelveticaNeue,Helvetica Neue,Helvetica,Arial,Lucida Grande,sans-serif; background-color: transparent; font-style: normal;\"><a href=\"http:\/\/www.winklerbrothers.at\/wp-content\/uploads\/2014\/07\/P1100447.JPG\"><img loading=\"lazy\" decoding=\"async\" class=\"alignnone size-thumbnail wp-image-2642\" title=\"Fotos??\" src=\"http:\/\/www.winklerbrothers.at\/wp-content\/uploads\/2014\/07\/P1100447-150x150.jpg\" alt=\"Fotos??\" width=\"150\" height=\"150\" \/><\/a> <a href=\"http:\/\/www.winklerbrothers.at\/wp-content\/uploads\/2014\/07\/P1100448.JPG\"><img loading=\"lazy\" decoding=\"async\" class=\"alignnone size-thumbnail wp-image-2643\" title=\"Herbert kopiert, speichert, l\u00f6scht ... wo sind denn jetzt die Bilder?\" src=\"http:\/\/www.winklerbrothers.at\/wp-content\/uploads\/2014\/07\/P1100448-150x150.jpg\" alt=\"Herbert kopiert, speichert, l\u00f6scht ... wo sind denn jetzt die Bilder?\" width=\"150\" height=\"150\" \/><\/a> <a href=\"http:\/\/www.winklerbrothers.at\/wp-content\/uploads\/2014\/07\/P1100446.JPG\"><img loading=\"lazy\" decoding=\"async\" class=\"alignnone size-thumbnail wp-image-2644\" title=\"alle Bilder abgespeichert  :-))\" src=\"http:\/\/www.winklerbrothers.at\/wp-content\/uploads\/2014\/07\/P1100446-150x150.jpg\" alt=\"alle Bilder abgespeichert  :-))\" width=\"150\" height=\"150\" \/><\/a><\/div>\n<div style=\"color: #000000; font-size: 13.3333px; font-family: HelveticaNeue,Helvetica Neue,Helvetica,Arial,Lucida Grande,sans-serif; background-color: transparent; font-style: normal;\"><span>Sch\u00f6n war&#8217;s im Au\u00dferfern bei Norbert, vielen Dank f\u00fcr die gelungene Organisation des gem\u00fctlichen Wochenendes. <\/span><\/div>\n<div style=\"color: #000000; font-size: 13.3333px; font-family: HelveticaNeue,Helvetica Neue,Helvetica,Arial,Lucida Grande,sans-serif; background-color: transparent; font-style: normal;\"><span>Dann bis zum n\u00e4chsten Br\u00fcdertreffen 2015 bei Peter.<br \/>\n<\/span><\/div>\n<div style=\"color: #000000; font-size: 13.3333px; font-family: HelveticaNeue,Helvetica Neue,Helvetica,Arial,Lucida Grande,sans-serif; background-color: transparent; font-style: normal;\"><span><a href=\"http:\/\/www.winklerbrothers.at\/wp-content\/uploads\/2014\/07\/Blick-auf-den-Alpsee.jpg\"><img loading=\"lazy\" decoding=\"async\" class=\"alignnone size-thumbnail wp-image-2669\" title=\"Blick auf den Alpsee\" src=\"http:\/\/www.winklerbrothers.at\/wp-content\/uploads\/2014\/07\/Blick-auf-den-Alpsee-150x150.jpg\" alt=\"Blick auf den Alpsee\" width=\"150\" height=\"150\" \/><\/a><\/span><\/div>\n<div style=\"color: #000000; font-size: 13.3333px; font-family: HelveticaNeue,Helvetica Neue,Helvetica,Arial,Lucida Grande,sans-serif; background-color: transparent; font-style: normal;\"><span>Ein Blick vom Branderschrofen auf unsere Rundwanderung<br \/>\n<\/span><\/div>\n<div style=\"color: #000000; font-size: 13.3333px; font-family: HelveticaNeue,Helvetica Neue,Helvetica,Arial,Lucida Grande,sans-serif; background-color: transparent; font-style: normal;\"><span><br \/>\n<\/span><\/div>\n","protected":false},"excerpt":{"rendered":"<p>Es wird ein gem\u00fctliches Wochenende, hat Norbert mitgeteilt &#8230; &#8230; das war&#8217;s auch &#8211; ein gem\u00fctliches, sommerlich sonniges Br\u00fcdertreffen!<\/p>\n","protected":false},"author":2,"featured_media":0,"comment_status":"closed","ping_status":"closed","sticky":false,"template":"","format":"standard","meta":{"footnotes":""},"categories":[3,10,4],"tags":[17],"class_list":["post-2581","post","type-post","status-publish","format-standard","hentry","category-bilder","category-familie","category-treffen","tag-brudertreffen"],"_links":{"self":[{"href":"http:\/\/www.winklerbrothers.at\/index.php?rest_route=\/wp\/v2\/posts\/2581","targetHints":{"allow":["GET"]}}],"collection":[{"href":"http:\/\/www.winklerbrothers.at\/index.php?rest_route=\/wp\/v2\/posts"}],"about":[{"href":"http:\/\/www.winklerbrothers.at\/index.php?rest_route=\/wp\/v2\/types\/post"}],"author":[{"embeddable":true,"href":"http:\/\/www.winklerbrothers.at\/index.php?rest_route=\/wp\/v2\/users\/2"}],"replies":[{"embeddable":true,"href":"http:\/\/www.winklerbrothers.at\/index.php?rest_route=%2Fwp%2Fv2%2Fcomments&post=2581"}],"version-history":[{"count":17,"href":"http:\/\/www.winklerbrothers.at\/index.php?rest_route=\/wp\/v2\/posts\/2581\/revisions"}],"predecessor-version":[{"id":2668,"href":"http:\/\/www.winklerbrothers.at\/index.php?rest_route=\/wp\/v2\/posts\/2581\/revisions\/2668"}],"wp:attachment":[{"href":"http:\/\/www.winklerbrothers.at\/index.php?rest_route=%2Fwp%2Fv2%2Fmedia&parent=2581"}],"wp:term":[{"taxonomy":"category","embeddable":true,"href":"http:\/\/www.winklerbrothers.at\/index.php?rest_route=%2Fwp%2Fv2%2Fcategories&post=2581"},{"taxonomy":"post_tag","embeddable":true,"href":"http:\/\/www.winklerbrothers.at\/index.php?rest_route=%2Fwp%2Fv2%2Ftags&post=2581"}],"curies":[{"name":"wp","href":"https:\/\/api.w.org\/{rel}","templated":true}]}}