{"id":2102,"date":"2012-09-02T12:13:56","date_gmt":"2012-09-02T10:13:56","guid":{"rendered":"http:\/\/www.winklerbrothers.at\/?p=2102"},"modified":"2013-07-22T00:35:30","modified_gmt":"2013-07-21T22:35:30","slug":"brudertreffen-2012","status":"publish","type":"post","link":"http:\/\/www.winklerbrothers.at\/?p=2102","title":{"rendered":"Br\u00fcdertreffen 2012"},"content":{"rendered":"<p><a href=\"http:\/\/www.winklerbrothers.at\/wp-content\/uploads\/2012\/08\/P1040892.JPG\"><img loading=\"lazy\" decoding=\"async\" class=\"alignnone size-medium wp-image-2104\" title=\"Sch\u00f6n ist's auf der Bergh\u00fctte\" src=\"http:\/\/www.winklerbrothers.at\/wp-content\/uploads\/2012\/08\/P1040892-300x200.jpg\" alt=\"Sch\u00f6n ist's auf der Bergh\u00fctte\" width=\"300\" height=\"200\" srcset=\"http:\/\/www.winklerbrothers.at\/wp-content\/uploads\/2012\/08\/P1040892-300x200.jpg 300w, http:\/\/www.winklerbrothers.at\/wp-content\/uploads\/2012\/08\/P1040892-1024x682.jpg 1024w, http:\/\/www.winklerbrothers.at\/wp-content\/uploads\/2012\/08\/P1040892.JPG 1800w\" sizes=\"auto, (max-width: 300px) 100vw, 300px\" \/><\/a> <span style=\"color: #0000ff;\">Unser heuriges Br\u00fcdertreffen findet vom 31. August bis 2. September in Vorarlberg statt. Die Sterne unserer Unterkunft auf der Bazora sind bei klarem Nachthimmel zahllos. La\u00dft es euch gut gehen bei Schmankerln aus heimischer K\u00fcche und einem gut sortierten k\u00fchlen Keller &#8211; und wir erleben ein gem\u00fctliches Wochenende.<\/span><\/p>\n<p><a href=\"http:\/\/www.winklerbrothers.at\/wp-content\/uploads\/2012\/09\/SAM_27821.JPG\"><img loading=\"lazy\" decoding=\"async\" class=\"alignnone size-medium wp-image-2203\" title=\"Br\u00fcdertreffen 2012 auf der Bazora\" src=\"http:\/\/www.winklerbrothers.at\/wp-content\/uploads\/2012\/09\/SAM_27821-300x200.jpg\" alt=\"Br\u00fcdertreffen 2012 auf der Bazora\" width=\"300\" height=\"200\" srcset=\"http:\/\/www.winklerbrothers.at\/wp-content\/uploads\/2012\/09\/SAM_27821-300x200.jpg 300w, http:\/\/www.winklerbrothers.at\/wp-content\/uploads\/2012\/09\/SAM_27821-1024x683.jpg 1024w, http:\/\/www.winklerbrothers.at\/wp-content\/uploads\/2012\/09\/SAM_27821.JPG 1799w\" sizes=\"auto, (max-width: 300px) 100vw, 300px\" \/><\/a> Freitag Nachmittag bei leichtem Regen. Walter wartet mit Herbert und Peter schon auf der Bazora, als Norbert und ich nach 16:00 Uhr aus dem Galinatal zur\u00fcckkommen &#8211; nat\u00fcrlich gibt es ein gro\u00dfes Hallo und die ersten flotten Spr\u00fcche, weil sie vor dem Hausherr bei der H\u00fctte sind!! <!--more-->Daf\u00fcr wird dann von mir aber gleich eine Jause, bestehend aus deftigem Braten, w\u00fcrzigem Schnif&#8217;ner Bergk\u00e4se mit eigenen s\u00fc\u00dfen Trauben und das notwendige Flascherl Rohrhofer-Veltliner und Bier kredenzt, damit die notwendige Energie f\u00fcr den abendlichen Spaziergang hinaus nach Gurtis vorhanden ist. Bei leichtem Nieselregen erreichen wir abends um halbacht das gem\u00fctliche\u00a0<a href=\"http:\/\/www.brunella-gurtis.com\/\" target=\"_new\">Brunella-St\u00fcble<\/a> . Das &#8222;bi\u00dfchen&#8220; Bewegung hat Appetit auf K\u00e4rntner Kasnudeln (Original mit Minze!) und die &#8222;K\u00f6stlichkeiten vom Alpschwein&#8220; gemacht. Zum &#8222;Verrupferle&#8220; geht es dann im Schein der Stirnlampe wieder zur\u00fcck auf die Bazora. Es wird noch ein gem\u00fctlicher Hock &#8211; nat\u00fcrlich mit ausgiebigem Mitternachtsbuffet &#8211; und entsprechend sp\u00e4t geht&#8217;s dann ins Bett.<\/p>\n<p><a href=\"http:\/\/www.winklerbrothers.at\/wp-content\/uploads\/2012\/09\/P1050840.JPG\"><img loading=\"lazy\" decoding=\"async\" class=\"alignnone size-thumbnail wp-image-2186\" title=\"Freitag Nachmittag - mit Norbert noch im Galinatal um unser Fohrenburger F\u00e4ssle dort einzuk\u00fchlen - beim aktuellen Regenwetter einfach\" src=\"http:\/\/www.winklerbrothers.at\/wp-content\/uploads\/2012\/09\/P1050840-150x150.jpg\" alt=\"Freitag Nachmittag - mit Norbert noch im Galinatal um unser Fohrenburger F\u00e4ssle dort einzuk\u00fchlen - beim aktuellen Regenwetter einfach\" width=\"150\" height=\"150\" \/><\/a> <a href=\"http:\/\/www.winklerbrothers.at\/wp-content\/uploads\/2012\/09\/PICT0003.JPG\"><img loading=\"lazy\" decoding=\"async\" class=\"alignnone size-thumbnail wp-image-2192\" title=\"Es nieselt im Galinatal - nichts wie talw\u00e4rts in die warme Stube auf der Bazora\" src=\"http:\/\/www.winklerbrothers.at\/wp-content\/uploads\/2012\/09\/PICT0003-150x150.jpg\" alt=\"Es nieselt im Galinatal - nichts wie talw\u00e4rts in die warme Stube auf der Bazora\" width=\"150\" height=\"150\" \/><\/a> <a href=\"http:\/\/www.winklerbrothers.at\/wp-content\/uploads\/2012\/09\/P1050841.JPG\"><img loading=\"lazy\" decoding=\"async\" class=\"alignnone size-thumbnail wp-image-2187\" title=\"Ein Willkommens-Snack kommt nach der langen Fahrt immer gelegen\" src=\"http:\/\/www.winklerbrothers.at\/wp-content\/uploads\/2012\/09\/P1050841-150x150.jpg\" alt=\"Ein Willkommens-Snack kommt nach der langen Fahrt immer gelegen\" width=\"150\" height=\"150\" \/><\/a> <a href=\"http:\/\/www.winklerbrothers.at\/wp-content\/uploads\/2012\/09\/SAM_2779.JPG\"><img loading=\"lazy\" decoding=\"async\" class=\"alignnone size-thumbnail wp-image-2191\" title=\"wieder so ein Schnappschu\u00df\" src=\"http:\/\/www.winklerbrothers.at\/wp-content\/uploads\/2012\/09\/SAM_2779-150x150.jpg\" alt=\"wieder so ein Schnappschu\u00df\" width=\"150\" height=\"150\" \/><\/a> <a href=\"http:\/\/www.winklerbrothers.at\/wp-content\/uploads\/2012\/09\/P10508421.JPG\"><img loading=\"lazy\" decoding=\"async\" class=\"alignnone size-thumbnail wp-image-2189\" title=\"Alle in Bewegung - Abendspaziergang zum Brunella-St\u00fcble in Gurtis\" src=\"http:\/\/www.winklerbrothers.at\/wp-content\/uploads\/2012\/09\/P10508421-150x150.jpg\" alt=\"Alle in Bewegung - Abendspaziergang zum Brunella-St\u00fcble in Gurtis\" width=\"150\" height=\"150\" \/><\/a> <a href=\"http:\/\/www.winklerbrothers.at\/wp-content\/uploads\/2012\/09\/P1050844.JPG\"><img loading=\"lazy\" decoding=\"async\" class=\"alignnone size-thumbnail wp-image-2190\" title=\"Im Alpengasthof Brunella-St\u00fcble\" src=\"http:\/\/www.winklerbrothers.at\/wp-content\/uploads\/2012\/09\/P1050844-150x150.jpg\" alt=\"Im Alpengasthof Brunella-St\u00fcble\" width=\"150\" height=\"150\" \/><\/a> <a href=\"http:\/\/www.winklerbrothers.at\/wp-content\/uploads\/2012\/09\/P1050846.JPG\"><img loading=\"lazy\" decoding=\"async\" class=\"alignnone size-thumbnail wp-image-2194\" title=\"Die Speisekarte bereits studiert - bald kommt die Vorspeise, K\u00e4rntner Kasnudeln - f\u00fcr jeden EINE !\" src=\"http:\/\/www.winklerbrothers.at\/wp-content\/uploads\/2012\/09\/P1050846-150x150.jpg\" alt=\"Die Speisekarte bereits studiert - bald kommt die Vorspeise, K\u00e4rntner Kasnudeln - f\u00fcr jeden EINE !\" width=\"150\" height=\"150\" \/><\/a> <a href=\"http:\/\/www.winklerbrothers.at\/wp-content\/uploads\/2012\/09\/P1050843.JPG\"><img loading=\"lazy\" decoding=\"async\" class=\"alignnone size-thumbnail wp-image-2195\" title=\"wie meint Herbert zu den K\u00f6stlichkeiten vom Alpschwein - &quot;\u00c4lpli Speisen&quot; \" src=\"http:\/\/www.winklerbrothers.at\/wp-content\/uploads\/2012\/09\/P1050843-150x150.jpg\" alt=\"wie meint Herbert zu den K\u00f6stlichkeiten vom Alpschwein - &quot;\u00c4lpli Speisen&quot; \" width=\"150\" height=\"150\" \/><\/a> <a href=\"http:\/\/www.winklerbrothers.at\/wp-content\/uploads\/2012\/09\/P1050847.JPG\"><img loading=\"lazy\" decoding=\"async\" class=\"alignnone size-thumbnail wp-image-2196\" title=\"R\u00fcckmarsch zur H\u00fctte - im Schein der Stirnlampe und Handyleuchte\" src=\"http:\/\/www.winklerbrothers.at\/wp-content\/uploads\/2012\/09\/P1050847-150x150.jpg\" alt=\"R\u00fcckmarsch zur H\u00fctte - im Schein der Stirnlampe und Handyleuchte\" width=\"150\" height=\"150\" \/><\/a> <a href=\"http:\/\/www.winklerbrothers.at\/wp-content\/uploads\/2012\/09\/SAM_2783.JPG\"><img loading=\"lazy\" decoding=\"async\" class=\"alignnone size-thumbnail wp-image-2197\" title=\"Geli's frischer saftiger Zwetschkenkuchen\" src=\"http:\/\/www.winklerbrothers.at\/wp-content\/uploads\/2012\/09\/SAM_2783-150x150.jpg\" alt=\"Geli's frischer saftiger Zwetschkenkuchen\" width=\"150\" height=\"150\" \/><\/a> <a href=\"http:\/\/www.winklerbrothers.at\/wp-content\/uploads\/2012\/09\/SAM_2784.JPG\"><img loading=\"lazy\" decoding=\"async\" class=\"alignnone size-thumbnail wp-image-2198\" title=\"Erst Bier und Wein vom Keller holen, den Ofen einheizen ...\" src=\"http:\/\/www.winklerbrothers.at\/wp-content\/uploads\/2012\/09\/SAM_2784-150x150.jpg\" alt=\"Erst Bier und Wein vom Keller holen, den Ofen einheizen ...\" width=\"150\" height=\"150\" \/><\/a> <a href=\"http:\/\/www.winklerbrothers.at\/wp-content\/uploads\/2012\/09\/P1050849.JPG\"><img loading=\"lazy\" decoding=\"async\" class=\"alignnone size-thumbnail wp-image-2199\" title=\"Mitternachtsbuffet - mu\u00df sein \" src=\"http:\/\/www.winklerbrothers.at\/wp-content\/uploads\/2012\/09\/P1050849-150x150.jpg\" alt=\"Mitternachtsbuffet - mu\u00df sein \" width=\"150\" height=\"150\" \/><\/a> <a href=\"http:\/\/www.winklerbrothers.at\/wp-content\/uploads\/2012\/09\/P1050848.JPG\"><img loading=\"lazy\" decoding=\"async\" class=\"alignnone size-thumbnail wp-image-2200\" title=\"... \" src=\"http:\/\/www.winklerbrothers.at\/wp-content\/uploads\/2012\/09\/P1050848-150x150.jpg\" alt=\"... \" width=\"150\" height=\"150\" \/><\/a> <a href=\"http:\/\/www.winklerbrothers.at\/wp-content\/uploads\/2012\/09\/SAM_2789.JPG\"><img loading=\"lazy\" decoding=\"async\" class=\"alignnone size-thumbnail wp-image-2201\" title=\"Irgendwann vor 3 Uhr fr\u00fch\" src=\"http:\/\/www.winklerbrothers.at\/wp-content\/uploads\/2012\/09\/SAM_2789-150x150.jpg\" alt=\"Irgendwann vor 3 Uhr fr\u00fch\" width=\"150\" height=\"150\" \/><\/a> <a href=\"http:\/\/www.winklerbrothers.at\/wp-content\/uploads\/2012\/09\/P1050851.JPG\"><img loading=\"lazy\" decoding=\"async\" class=\"alignnone size-thumbnail wp-image-2202\" title=\"... und bevor ich ins Bett falle\" src=\"http:\/\/www.winklerbrothers.at\/wp-content\/uploads\/2012\/09\/P1050851-150x150.jpg\" alt=\"... und bevor ich ins Bett falle\" width=\"150\" height=\"150\" \/><\/a><\/p>\n<p>Am Samstag wurde deshalb erst etwas sp\u00e4ter gefr\u00fchst\u00fcckt. Zum Fr\u00fchst\u00fcck ist auch Herbert wieder anwesend, nachdem er das gestrige Mitternachtsfest wegen akuten Erm\u00fcdungserscheinungen teilweise auf der Couch verschlafen hat. Ein Blick vom Balkon, grauer Nebel, aber zumindest hat es zu regnen aufgeh\u00f6rt. Um 11:00 Uhr ist Abmarsch zu unserer kleinen Wanderung durchs Galinatal auf die Gamp. Den Bericht zum dort gesichteten Einhorn und dem anschlie\u00dfenden Alphock im Berghaus Mattajoch k\u00f6nnt ihr im <a href=\"http:\/\/www.hikr.org\/tour\/post55343.html\" target=\"_new\">hikrTourenbuch<\/a> lesen.<\/p>\n<p><a href=\"http:\/\/www.winklerbrothers.at\/wp-content\/uploads\/2012\/09\/PICT0006.JPG\"><img loading=\"lazy\" decoding=\"async\" class=\"alignnone size-thumbnail wp-image-2206\" title=\"Um 11:00 Uhr - immer noch Nebel, wir wandern \u00fcber Gurtis ins Galinatal\" src=\"http:\/\/www.winklerbrothers.at\/wp-content\/uploads\/2012\/09\/PICT0006-150x150.jpg\" alt=\"Um 11:00 Uhr - immer noch Nebel, wir wandern \u00fcber Gurtis ins Galinatal\" width=\"150\" height=\"150\" \/><\/a> <a href=\"http:\/\/www.winklerbrothers.at\/wp-content\/uploads\/2012\/09\/PICT0007.JPG\"><img loading=\"lazy\" decoding=\"async\" class=\"alignnone size-thumbnail wp-image-2207\" title=\"&quot;Beim Einhorn&quot; im Galinatal\" src=\"http:\/\/www.winklerbrothers.at\/wp-content\/uploads\/2012\/09\/PICT0007-150x150.jpg\" alt=\"&quot;Beim Einhorn&quot; im Galinatal\" width=\"150\" height=\"150\" \/><\/a> <a href=\"http:\/\/www.winklerbrothers.at\/wp-content\/uploads\/2012\/09\/SAM_2791.JPG\"><img loading=\"lazy\" decoding=\"async\" class=\"alignnone size-thumbnail wp-image-2208\" title=\"Selbstausl\u00f6ser - Walter hat es in 10 sec fast geschafft :-)))\" src=\"http:\/\/www.winklerbrothers.at\/wp-content\/uploads\/2012\/09\/SAM_2791-150x150.jpg\" alt=\"Selbstausl\u00f6ser - Walter hat es in 10 sec fast geschafft :-)))\" width=\"150\" height=\"150\" \/><\/a> <a href=\"http:\/\/www.winklerbrothers.at\/wp-content\/uploads\/2012\/09\/SAM_2792.JPG\"><img loading=\"lazy\" decoding=\"async\" class=\"alignnone size-thumbnail wp-image-2209\" title=\"Der Nebel spielt keine gro\u00dfe Rolle ... \" src=\"http:\/\/www.winklerbrothers.at\/wp-content\/uploads\/2012\/09\/SAM_2792-150x150.jpg\" alt=\"Der Nebel spielt keine gro\u00dfe Rolle ... \" width=\"150\" height=\"150\" \/><\/a> <a href=\"http:\/\/www.winklerbrothers.at\/wp-content\/uploads\/2012\/09\/SAM_2793.JPG\"><img loading=\"lazy\" decoding=\"async\" class=\"alignnone size-thumbnail wp-image-2210\" title=\"... zum Lachen gibt's immer etwas\" src=\"http:\/\/www.winklerbrothers.at\/wp-content\/uploads\/2012\/09\/SAM_2793-150x150.jpg\" alt=\"... zum Lachen gibt's immer etwas\" width=\"150\" height=\"150\" \/><\/a> <a href=\"http:\/\/www.winklerbrothers.at\/wp-content\/uploads\/2012\/09\/SAM_2796.JPG\"><img loading=\"lazy\" decoding=\"async\" class=\"alignnone size-thumbnail wp-image-2211\" title=\"Das F\u00e4ssle ist fast leer ... \" src=\"http:\/\/www.winklerbrothers.at\/wp-content\/uploads\/2012\/09\/SAM_2796-150x150.jpg\" alt=\"Das F\u00e4ssle ist fast leer ... \" width=\"150\" height=\"150\" \/><\/a> <a href=\"http:\/\/www.winklerbrothers.at\/wp-content\/uploads\/2012\/09\/SAM_2797.JPG\"><img loading=\"lazy\" decoding=\"async\" class=\"alignnone size-thumbnail wp-image-2212\" title=\"... es reicht auch noch f\u00fcr Herbert, \" src=\"http:\/\/www.winklerbrothers.at\/wp-content\/uploads\/2012\/09\/SAM_2797-150x150.jpg\" alt=\"... es reicht auch noch f\u00fcr Herbert, \" width=\"150\" height=\"150\" \/><\/a> <a href=\"http:\/\/www.winklerbrothers.at\/wp-content\/uploads\/2012\/09\/SAM_2798.JPG\"><img loading=\"lazy\" decoding=\"async\" class=\"alignnone size-thumbnail wp-image-2213\" title=\"... hat's noch einen Rest f\u00fcr Peter? \" src=\"http:\/\/www.winklerbrothers.at\/wp-content\/uploads\/2012\/09\/SAM_2798-150x150.jpg\" alt=\"... und sogar f\u00fcr Peter, \" width=\"150\" height=\"150\" \/><\/a> <a href=\"http:\/\/www.winklerbrothers.at\/wp-content\/uploads\/2012\/09\/SAM_2799.JPG\"><img loading=\"lazy\" decoding=\"async\" class=\"alignnone size-thumbnail wp-image-2214\" title=\"Auch Peter bekommt noch etwas!\" src=\"http:\/\/www.winklerbrothers.at\/wp-content\/uploads\/2012\/09\/SAM_2799-150x150.jpg\" alt=\"... und sogar f\u00fcr Peter, \" width=\"150\" height=\"150\" \/><\/a> <a href=\"http:\/\/www.winklerbrothers.at\/wp-content\/uploads\/2012\/09\/P1050864.JPG\"><img loading=\"lazy\" decoding=\"async\" class=\"alignnone size-thumbnail wp-image-2215\" title=\"Berghaus Mattajoch\" src=\"http:\/\/www.winklerbrothers.at\/wp-content\/uploads\/2012\/09\/P1050864-150x150.jpg\" alt=\"Berghaus Mattajoch\" width=\"150\" height=\"150\" \/><\/a> <a href=\"http:\/\/www.winklerbrothers.at\/wp-content\/uploads\/2012\/09\/SAM_2807.JPG\"><img loading=\"lazy\" decoding=\"async\" class=\"alignnone size-thumbnail wp-image-2216\" title=\"Nach dem gem\u00fctlichen Nachmittag auf der Gamp geht es wieder talw\u00e4rts\" src=\"http:\/\/www.winklerbrothers.at\/wp-content\/uploads\/2012\/09\/SAM_2807-150x150.jpg\" alt=\"Nach dem gem\u00fctlichen Nachmittag auf der Gamp geht es wieder talw\u00e4rts\" width=\"150\" height=\"150\" \/><\/a> <a href=\"http:\/\/www.winklerbrothers.at\/wp-content\/uploads\/2012\/09\/SAM_2808.JPG\"><img loading=\"lazy\" decoding=\"async\" class=\"alignnone size-thumbnail wp-image-2217\" title=\"winklerbrothers - alle 5\" src=\"http:\/\/www.winklerbrothers.at\/wp-content\/uploads\/2012\/09\/SAM_2808-150x150.jpg\" alt=\"winklerbrothers - alle 5\" width=\"150\" height=\"150\" \/><\/a><\/p>\n<p>Der zweist\u00fcndige Abstieg und R\u00fcckweg zur H\u00fctte hat den meisten sicher gut getan. Gelitten haben Herberts F\u00fc\u00dfe in den ausgeliehenen Wanderschuhen und Walter warf &#8222;leichtes&#8220; Magenziehen und &#8222;schweres&#8220; Schlafminus auf der H\u00fctte um und fr\u00fchzeitig ins Bett. Auf jeden Fall war die restlichen vier nach unserer R\u00fcckkehr auf die Bazora der Appetit f\u00fcr die zarten Schweinspl\u00e4tzle vom hei\u00dfen Stein mit gsottna Grumbira und 10-erlei K\u00e4se wieder vorhanden. Dazu ein fruchtig leichter Welschriesling von Gernot Schuhmann &#8211; das Leben kann so einfach und sch\u00f6n sein.<\/p>\n<p><a href=\"http:\/\/www.winklerbrothers.at\/wp-content\/uploads\/2012\/09\/SAM_2816.JPG\"><img loading=\"lazy\" decoding=\"async\" class=\"alignnone size-thumbnail wp-image-2218\" title=\"Ferienh\u00fctten auf der Gamp - heute leider im Nebel\" src=\"http:\/\/www.winklerbrothers.at\/wp-content\/uploads\/2012\/09\/SAM_2816-150x150.jpg\" alt=\"Ferienh\u00fctten auf der Gamp - heute leider im Nebel\" width=\"150\" height=\"150\" \/><\/a> <a href=\"http:\/\/www.winklerbrothers.at\/wp-content\/uploads\/2012\/09\/P1050875.JPG\"><img loading=\"lazy\" decoding=\"async\" class=\"alignnone size-thumbnail wp-image-2219\" title=\"Sonntag Vormittag\" src=\"http:\/\/www.winklerbrothers.at\/wp-content\/uploads\/2012\/09\/P1050875-150x150.jpg\" alt=\"Sonntag Vormittag\" width=\"150\" height=\"150\" \/><\/a><\/p>\n<p>Am Sonntag fr\u00fch ist Walter, nachdem er gestern Abend vorgeschlafen hat &#8211; einer f\u00e4llt immer zuerst um &#8211; bereits zum Sonnenaufgang quietschfidel und voller Wanderdrang. W\u00e4hrend ich den Abwasch erledige\u00a0 ;-(\u00a0\u00a0 &#8211; es hat sich jede Menge Geschirr angesammelt &#8211;\u00a0 ist er beim heutigen ersten sch\u00f6nen Tag mit Herbert unterwegs, um hinten vor der Gavaduraalp Rehe zu beobachten. Unser letztes gemeinsames Fr\u00fchst\u00fcck beim heurigen Br\u00fcdertreffen auf der Bazora, &#8222;etwas&#8220; aufr\u00e4umen, ein treffender Eintrag im G\u00e4stebuch, dann ist es Zeit zum Abschiednehmen.<\/p>\n<p>Bis zum n\u00e4chsten Br\u00fcdertreffen 2013 bei Walter<\/p>\n","protected":false},"excerpt":{"rendered":"<p>Unser heuriges Br\u00fcdertreffen findet vom 31. August bis 2. September in Vorarlberg statt. Die Sterne unserer Unterkunft auf der Bazora sind bei klarem Nachthimmel zahllos. La\u00dft es euch gut gehen bei Schmankerln aus heimischer K\u00fcche und einem gut sortierten k\u00fchlen Keller &#8211; und wir erleben ein gem\u00fctliches Wochenende. Freitag Nachmittag bei leichtem Regen. Walter wartet [&hellip;]<\/p>\n","protected":false},"author":2,"featured_media":0,"comment_status":"closed","ping_status":"closed","sticky":false,"template":"","format":"standard","meta":{"footnotes":""},"categories":[3,4],"tags":[17],"class_list":["post-2102","post","type-post","status-publish","format-standard","hentry","category-bilder","category-treffen","tag-brudertreffen"],"_links":{"self":[{"href":"http:\/\/www.winklerbrothers.at\/index.php?rest_route=\/wp\/v2\/posts\/2102","targetHints":{"allow":["GET"]}}],"collection":[{"href":"http:\/\/www.winklerbrothers.at\/index.php?rest_route=\/wp\/v2\/posts"}],"about":[{"href":"http:\/\/www.winklerbrothers.at\/index.php?rest_route=\/wp\/v2\/types\/post"}],"author":[{"embeddable":true,"href":"http:\/\/www.winklerbrothers.at\/index.php?rest_route=\/wp\/v2\/users\/2"}],"replies":[{"embeddable":true,"href":"http:\/\/www.winklerbrothers.at\/index.php?rest_route=%2Fwp%2Fv2%2Fcomments&post=2102"}],"version-history":[{"count":27,"href":"http:\/\/www.winklerbrothers.at\/index.php?rest_route=\/wp\/v2\/posts\/2102\/revisions"}],"predecessor-version":[{"id":2386,"href":"http:\/\/www.winklerbrothers.at\/index.php?rest_route=\/wp\/v2\/posts\/2102\/revisions\/2386"}],"wp:attachment":[{"href":"http:\/\/www.winklerbrothers.at\/index.php?rest_route=%2Fwp%2Fv2%2Fmedia&parent=2102"}],"wp:term":[{"taxonomy":"category","embeddable":true,"href":"http:\/\/www.winklerbrothers.at\/index.php?rest_route=%2Fwp%2Fv2%2Fcategories&post=2102"},{"taxonomy":"post_tag","embeddable":true,"href":"http:\/\/www.winklerbrothers.at\/index.php?rest_route=%2Fwp%2Fv2%2Ftags&post=2102"}],"curies":[{"name":"wp","href":"https:\/\/api.w.org\/{rel}","templated":true}]}}