{"id":200,"date":"2008-08-15T12:00:33","date_gmt":"2008-08-15T10:00:33","guid":{"rendered":"http:\/\/www.winklerbrothers.at\/?p=200"},"modified":"2013-01-20T22:54:34","modified_gmt":"2013-01-20T20:54:34","slug":"auf-zum-3-brudertreffen-diesmal-im-osttirol","status":"publish","type":"post","link":"http:\/\/www.winklerbrothers.at\/?p=200","title":{"rendered":"Auf zum 3. Br\u00fcdertreffen &#8211; diesmal im Osttirol"},"content":{"rendered":"<p class=\"MsoNormal\" style=\"text-align: center\" align=\"center\"><strong><span style=\"text-decoration: underline;\"><span style=\"font-family: Bradley Hand ITC; color: #993300; font-size: large;\"><span style=\"font-size: 18pt; font-family: 'Bradley Hand ITC'; font-variant: small-caps; color: #993300; font-weight: bold\"><\/span><\/span><\/span><\/strong><\/p>\n<p class=\"MsoNormal\" style=\"text-align: center\" align=\"center\"><strong><span style=\"font-family: Bradley Hand ITC; color: #993300; font-size: large;\"><span style=\"font-size: 18pt; font-family: 'Bradley Hand ITC'; font-variant: small-caps; color: #993300; font-weight: bold\"> <\/span><\/span><\/strong><\/p>\n<p class=\"MsoNormal\" align=\"center\"><strong><span style=\"text-decoration: underline;\"><span style=\"font-family: Bradley Hand ITC; color: #993300; font-size: large;\"><span style=\"font-size: 18pt; font-family: 'Bradley Hand ITC'; font-variant: small-caps; color: #993300; font-weight: bold\"> <\/span><\/span><\/span><\/strong><strong><span style=\"font-family: Bradley Hand ITC; color: #333300; font-size: large;\"><span style=\"font-size: 16pt; font-family: 'Bradley Hand ITC'; color: #333300; font-weight: bold\"><span style=\"color: #993300;\"> Br\u00fcdertreffen 2008 am Zettersfeld<\/span> <\/span><\/span><\/strong><a title=\"die f\u00fcnf\" href=\"http:\/\/www.winklerbrothers.at\/wp-content\/uploads\/2008\/09\/img_2363-winklerbrothers.JPG\"><img decoding=\"async\" src=\"http:\/\/www.winklerbrothers.at\/wp-content\/uploads\/2008\/09\/img_2363-winklerbrothers.thumbnail.JPG\" alt=\"die f\u00fcnf\" \/><\/a><\/p>\n<p class=\"MsoNormal\"><span style=\"text-decoration: underline;\"><span style=\"font-family: Bradley Hand ITC; color: black; font-size: large;\"><span style=\"font-size: 16pt; font-family: 'Bradley Hand ITC'; color: windowtext\"><span style=\"text-decoration: none\"> <\/span><\/span><\/span><\/span><\/p>\n<p class=\"MsoNormal\"><span style=\"font-family: Bradley Hand ITC; color: black; font-size: large;\"><span style=\"font-size: 16pt; font-family: 'Bradley Hand ITC'; color: windowtext\"> <\/span><\/span><\/p>\n<p class=\"MsoNormal\"><span style=\"font-family: Bradley Hand ITC; color: black; font-size: large;\"><span style=\"font-size: 16pt; font-family: 'Bradley Hand ITC'; color: windowtext\"> <\/span><\/span><\/p>\n<p class=\"MsoNormal\"><!--more--><strong><span style=\"text-decoration: underline;\"><span style=\"font-family: Bradley Hand ITC; color: #333300; font-size: large;\"><span style=\"font-size: 16pt; font-family: 'Bradley Hand ITC'; color: #333300; font-weight: bold\">Treffpunkt:<\/span><\/span><\/span><\/strong><strong><span style=\"font-family: Bradley Hand ITC; color: #333300; font-size: large;\"><span style=\"font-size: 16pt; font-family: 'Bradley Hand ITC'; color: #333300; font-weight: bold\"> 15.08.2008 &#8211;  ca. 14.00 \u2013 15.00 bei Mama.<\/span><\/span><\/strong><\/p>\n<p class=\"MsoNormal\"><strong><span style=\"font-family: Bradley Hand ITC; color: #333300; font-size: large;\"><span style=\"font-size: 16pt; font-family: 'Bradley Hand ITC'; color: #333300; font-weight: bold\"> <\/span><\/span><\/strong><\/p>\n<p class=\"MsoNormal\"><strong><span style=\"font-family: Bradley Hand ITC; color: #333300; font-size: large;\"><span style=\"font-size: 16pt; font-family: 'Bradley Hand ITC'; color: #333300; font-weight: bold\">Von dort fahren wir gemeinsam auf die H\u00fctte, wo wir es uns gem\u00fctlich machen werden. <\/span><\/span><\/strong><\/p>\n<p class=\"MsoNormal\"><strong><span style=\"font-family: Bradley Hand ITC; color: #333300; font-size: large;\"><span style=\"font-size: 16pt; font-family: 'Bradley Hand ITC'; color: #333300; font-weight: bold\">F\u00fcr Speis und (reichlich) Trank ist bestens durch K\u00fcchenchef Walter gesorgt. <\/span><\/span><\/strong><\/p>\n<p class=\"MsoNormal\"><strong><span style=\"font-family: Bradley Hand ITC; color: #333300; font-size: large;\"><span style=\"font-size: 16pt; font-family: 'Bradley Hand ITC'; color: #333300; font-weight: bold\"> <\/span><\/span><\/strong><\/p>\n<p class=\"MsoNormal\"><strong><span style=\"font-family: Bradley Hand ITC; color: #333300; font-size: large;\"><span style=\"font-size: 16pt; font-family: 'Bradley Hand ITC'; color: #333300; font-weight: bold\">Mitzunehmen ist au\u00dfer guter Laune &#8211;  alles f\u00fcr H\u00fctte (Schlafsack etc.) und Wanderung (Wanderschuhe, Regenschutz usw.)<\/span><\/span><\/strong><\/p>\n<p class=\"MsoNormal\"><strong><span style=\"font-family: Bradley Hand ITC; color: #333300; font-size: large;\"><span style=\"font-size: 16pt; font-family: 'Bradley Hand ITC'; color: #333300; font-weight: bold\"> <\/span><\/span><\/strong><\/p>\n<p class=\"MsoNormal\"><strong><span style=\"font-family: Bradley Hand ITC; color: #333300; font-size: large;\"><span style=\"font-size: 16pt; font-family: 'Bradley Hand ITC'; color: #333300; font-weight: bold\">Freue mich schon auf Euch.<\/span><\/span><\/strong><\/p>\n<p class=\"MsoNormal\"><strong><span style=\"font-family: Bradley Hand ITC; color: #333300; font-size: large;\"><span style=\"font-size: 16pt; font-family: 'Bradley Hand ITC'; color: #333300; font-weight: bold\"> <\/span><\/span><\/strong><\/p>\n<p><strong><span style=\"font-family: Bradley Hand ITC; color: #333300; font-size: large;\"><span style=\"font-size: 16pt; font-family: 'Bradley Hand ITC'; color: #333300; font-weight: bold\">Walter<\/span><\/span><\/strong><\/p>\n<p><a title=\"Auffahrt zur Jagaalm, Walter und Herbert sind hei\u00df auf s\u00fc\u00dfe Himbeeren - bleibt vielleicht das einzig S\u00fc\u00dfe dieses Wochenende!\" href=\"http:\/\/www.winklerbrothers.at\/wp-content\/uploads\/2008\/09\/img_2264-himbeer-klauben.JPG\"><img decoding=\"async\" src=\"http:\/\/www.winklerbrothers.at\/wp-content\/uploads\/2008\/09\/img_2264-himbeer-klauben.thumbnail.JPG\" alt=\"Auffahrt zur Jagaalm, Walter und Herbert sind hei\u00df auf s\u00fc\u00dfe Himbeeren - bleibt vielleicht das einzig S\u00fc\u00dfe dieses Wochenende!\" \/> <\/a><a title=\"auf ca 1700m zweigen wir vom Thurner-Almen-Weg ab zur Unteren-Jaga-Alm\" href=\"http:\/\/www.winklerbrothers.at\/wp-content\/uploads\/2008\/09\/img_2272.JPG\"><img decoding=\"async\" src=\"http:\/\/www.winklerbrothers.at\/wp-content\/uploads\/2008\/09\/img_2272.thumbnail.JPG\" alt=\"auf ca 1700m zweigen wir vom Thurner-Almen-Weg ab zur Unteren-Jaga-Alm\" \/> <\/a><a title=\"Neben dem Weg bl\u00fcht noch der gesch\u00fctzte gro\u00dfbl\u00fctige Fingerhut \u201cdigitalis grandiflora\u201d\" href=\"http:\/\/www.winklerbrothers.at\/wp-content\/uploads\/2008\/09\/img_2276.JPG\"><img decoding=\"async\" src=\"http:\/\/www.winklerbrothers.at\/wp-content\/uploads\/2008\/09\/img_2276.thumbnail.JPG\" alt=\"Neben dem Weg bl\u00fcht noch der gesch\u00fctzte gro\u00dfbl\u00fctige Fingerhut \u201cdigitalis grandiflora\u201d\" \/><\/a><a title=\"auf ca 1700m zweigen wir vom Thurner-Almen-Weg ab zur Unteren-Jaga-Alm\" href=\"http:\/\/www.winklerbrothers.at\/wp-content\/uploads\/2008\/09\/img_2272.JPG\"> <\/a><a title=\"Die Untere-Jaga-Alm auf 1725m\" href=\"http:\/\/www.winklerbrothers.at\/wp-content\/uploads\/2008\/09\/img_2274.JPG\"><img decoding=\"async\" src=\"http:\/\/www.winklerbrothers.at\/wp-content\/uploads\/2008\/09\/img_2274.thumbnail.JPG\" alt=\"Die Untere-Jaga-Alm auf 1725m\" \/> <\/a><a title=\"die urige H\u00fctte\" href=\"http:\/\/www.winklerbrothers.at\/wp-content\/uploads\/2008\/09\/jaga-alm-1.JPG\"><img decoding=\"async\" src=\"http:\/\/www.winklerbrothers.at\/wp-content\/uploads\/2008\/09\/jaga-alm-1.thumbnail.JPG\" alt=\"die urige H\u00fctte\" \/> <\/a><a title=\"Bei den Almh\u00fctten findet man immer wieder Wegkreuze, die Arbeit und das harte Leben in den Bergen hier erzog zur Fr\u00f6mmigkeit\" href=\"http:\/\/www.winklerbrothers.at\/wp-content\/uploads\/2008\/09\/img_2287.JPG\"><img decoding=\"async\" src=\"http:\/\/www.winklerbrothers.at\/wp-content\/uploads\/2008\/09\/img_2287.thumbnail.JPG\" alt=\"Bei den Almh\u00fctten findet man immer wieder Wegkreuze, die Arbeit und das harte Leben in den Bergen hier erzog zur Fr\u00f6mmigkeit\" \/> <\/a><a title=\"Walter heizt den Herd an\" href=\"http:\/\/www.winklerbrothers.at\/wp-content\/uploads\/2008\/09\/img_2282.JPG\"><img decoding=\"async\" src=\"http:\/\/www.winklerbrothers.at\/wp-content\/uploads\/2008\/09\/img_2282.thumbnail.JPG\" alt=\"Walter heizt den Herd an\" \/> <\/a><a title=\"Der kalte Ofen raucht kr\u00e4ftig \u2026\" href=\"http:\/\/www.winklerbrothers.at\/wp-content\/uploads\/2008\/09\/img_2283.JPG\"><img decoding=\"async\" src=\"http:\/\/www.winklerbrothers.at\/wp-content\/uploads\/2008\/09\/img_2283.thumbnail.JPG\" alt=\"Der kalte Ofen raucht kr\u00e4ftig \u2026\" \/> <\/a><a title=\"\u2026 da ist auch Norbert hilflos\" href=\"http:\/\/www.winklerbrothers.at\/wp-content\/uploads\/2008\/09\/img_2284.JPG\"><img decoding=\"async\" src=\"http:\/\/www.winklerbrothers.at\/wp-content\/uploads\/2008\/09\/img_2284.thumbnail.JPG\" alt=\"\u2026 da ist auch Norbert hilflos\" \/> <\/a><a title=\"Ofent\u00fcrl auf oder zu? Mehr oder weniger Zug?\" href=\"http:\/\/www.winklerbrothers.at\/wp-content\/uploads\/2008\/09\/001.JPG\"><img decoding=\"async\" src=\"http:\/\/www.winklerbrothers.at\/wp-content\/uploads\/2008\/09\/001.thumbnail.JPG\" alt=\"Ofent\u00fcrl auf oder zu? Mehr oder weniger Zug?\" \/> <\/a><a title=\"Walter \u00fcberrascht uns mit einer herrlichen Vorspeise - R\u00fchrei auf ged\u00fcnstetem Paprika\/Zucchinibett\" href=\"http:\/\/www.winklerbrothers.at\/wp-content\/uploads\/2008\/09\/img_2286.JPG\"><img decoding=\"async\" src=\"http:\/\/www.winklerbrothers.at\/wp-content\/uploads\/2008\/09\/img_2286.thumbnail.JPG\" alt=\"Walter \u00fcberrascht uns mit einer herrlichen Vorspeise - R\u00fchrei auf ged\u00fcnstetem Paprika\/Zucchinibett\" \/> <\/a><a title=\"Herbert ziehts zum K\u00fcchenherd\" href=\"http:\/\/www.winklerbrothers.at\/wp-content\/uploads\/2008\/09\/img_2290_1.JPG\"><img decoding=\"async\" src=\"http:\/\/www.winklerbrothers.at\/wp-content\/uploads\/2008\/09\/img_2290_1.thumbnail.JPG\" alt=\"Herbert ziehts zum K\u00fcchenherd\" \/> <\/a><a title=\"der Tisch ist gedeckt\" href=\"http:\/\/www.winklerbrothers.at\/wp-content\/uploads\/2008\/09\/img_2291-es-ist-gedeckt.JPG\"><img decoding=\"async\" src=\"http:\/\/www.winklerbrothers.at\/wp-content\/uploads\/2008\/09\/img_2291-es-ist-gedeckt.thumbnail.JPG\" alt=\"der Tisch ist gedeckt\" \/> <\/a><a title=\"ein Schluck Br\u00fcderwein als Appetitanreger \u201cProst\u201d\" href=\"http:\/\/www.winklerbrothers.at\/wp-content\/uploads\/2008\/09\/img_2293.JPG\"><img decoding=\"async\" src=\"http:\/\/www.winklerbrothers.at\/wp-content\/uploads\/2008\/09\/img_2293.thumbnail.JPG\" alt=\"ein Schluck Br\u00fcderwein als Appetitanreger \u201cProst\u201d\" \/> <\/a><a title=\"die drei \u201cJ\u00fcngsten\u201d\" href=\"http:\/\/www.winklerbrothers.at\/wp-content\/uploads\/2008\/09\/img_2294.JPG\"><img decoding=\"async\" src=\"http:\/\/www.winklerbrothers.at\/wp-content\/uploads\/2008\/09\/img_2294.thumbnail.JPG\" alt=\"die drei \u201cJ\u00fcngsten\u201d\" \/> <\/a><a title=\"Der Wein macht Appetit\" href=\"http:\/\/www.winklerbrothers.at\/wp-content\/uploads\/2008\/09\/003_1.JPG\"><img decoding=\"async\" src=\"http:\/\/www.winklerbrothers.at\/wp-content\/uploads\/2008\/09\/003_1.thumbnail.JPG\" alt=\"Der Wein macht Appetit\" \/><\/a><a title=\"die drei \u201cJ\u00fcngsten\u201d\" href=\"http:\/\/www.winklerbrothers.at\/wp-content\/uploads\/2008\/09\/img_2294.JPG\"> <\/a><a id=\"file-link-271\" class=\"file-link image\" title=\"Walter serviert eine herrliche gebratene Forelle mit Kartoffeln\" href=\"javascript:void(0)\"><img decoding=\"async\" title=\"Walter serviert eine herrliche gebratene Forelle mit Kartoffeln\" src=\"http:\/\/www.winklerbrothers.at\/wp-content\/uploads\/2008\/09\/img_2301.thumbnail.JPG\" alt=\"Walter serviert eine herrliche gebratene Forelle mit Kartoffeln\" \/><\/a><a title=\"die drei \u201cJ\u00fcngsten\u201d\" href=\"http:\/\/www.winklerbrothers.at\/wp-content\/uploads\/2008\/09\/img_2294.JPG\"> <\/a><a title=\"sch\u00f6ne gro\u00dfe Forellen\" href=\"http:\/\/www.winklerbrothers.at\/wp-content\/uploads\/2008\/09\/005.JPG\"><img decoding=\"async\" src=\"http:\/\/www.winklerbrothers.at\/wp-content\/uploads\/2008\/09\/005.thumbnail.JPG\" alt=\"sch\u00f6ne gro\u00dfe Forellen\" \/> <\/a><a title=\"die drei \u201cJ\u00fcngsten\u201d\" href=\"http:\/\/www.winklerbrothers.at\/wp-content\/uploads\/2008\/09\/img_2294.JPG\"> <\/a><a title=\"Herbert behauptet, die Forellen so gut zubereiten zu k\u00f6nnen, wie Walter\" href=\"http:\/\/www.winklerbrothers.at\/wp-content\/uploads\/2008\/09\/img_2298.JPG\"><img decoding=\"async\" src=\"http:\/\/www.winklerbrothers.at\/wp-content\/uploads\/2008\/09\/img_2298.thumbnail.JPG\" alt=\"Herbert behauptet, die Forellen so gut zubereiten zu k\u00f6nnen, wie Walter\" \/> <\/a><a title=\"sch\u00f6ne gro\u00dfe Forellen\" href=\"http:\/\/www.winklerbrothers.at\/wp-content\/uploads\/2008\/09\/005.JPG\"> <\/a><a title=\"\u2026 aber vier mal Wenden tut den zarten Forellenfilets nicht so gut\" href=\"http:\/\/www.winklerbrothers.at\/wp-content\/uploads\/2008\/09\/img_2299.JPG\"><img decoding=\"async\" src=\"http:\/\/www.winklerbrothers.at\/wp-content\/uploads\/2008\/09\/img_2299.thumbnail.JPG\" alt=\"\u2026 aber vier mal Wenden tut den zarten Forellenfilets nicht so gut\" \/> <\/a><a title=\"\u201cTraumhaft gut \u2026 man beachte die Mimik\u201c\" href=\"http:\/\/www.winklerbrothers.at\/wp-content\/uploads\/2008\/09\/006_1.JPG\"><img decoding=\"async\" src=\"http:\/\/www.winklerbrothers.at\/wp-content\/uploads\/2008\/09\/006_1.thumbnail.JPG\" alt=\"\u201cTraumhaft gut \u2026 man beachte die Mimik\u201c\" \/> <\/a><a title=\"Walter packt seine Rucksackapotheke aus, nachdem Norbert die Messersch\u00e4rfe getestet hat.\" href=\"http:\/\/www.winklerbrothers.at\/wp-content\/uploads\/2008\/09\/012.JPG\"><img decoding=\"async\" src=\"http:\/\/www.winklerbrothers.at\/wp-content\/uploads\/2008\/09\/012.thumbnail.JPG\" alt=\"Walter packt seine Rucksackapotheke aus, nachdem Norbert die Messersch\u00e4rfe getestet hat.\" \/><\/a><a title=\"\u201cTraumhaft gut \u2026 man beachte die Mimik\u201c\" href=\"http:\/\/www.winklerbrothers.at\/wp-content\/uploads\/2008\/09\/006_1.JPG\"> <\/a><a title=\"Stilleben - vor der Abwasch\" href=\"http:\/\/www.winklerbrothers.at\/wp-content\/uploads\/2008\/09\/img_2300.JPG\"><img decoding=\"async\" src=\"http:\/\/www.winklerbrothers.at\/wp-content\/uploads\/2008\/09\/img_2300.thumbnail.JPG\" alt=\"Stilleben - vor der Abwasch\" \/><\/a><a id=\"file-link-271\" class=\"file-link image\" title=\"Walter serviert eine herrliche gebratene Forelle mit Kartoffeln\" href=\"javascript:void(0)\"> <\/a><a title=\"Ein Verdauungsgl\u00e4schen nehmen wir auf dem Balkon, es hat zu regnen begonnen\" href=\"http:\/\/www.winklerbrothers.at\/wp-content\/uploads\/2008\/09\/pict0021-2.JPG\"><img decoding=\"async\" src=\"http:\/\/www.winklerbrothers.at\/wp-content\/uploads\/2008\/09\/pict0021-2.thumbnail.JPG\" alt=\"Ein Verdauungsgl\u00e4schen nehmen wir auf dem Balkon, es hat zu regnen begonnen\" \/> <\/a><a title=\"ein nasser Abend\" href=\"http:\/\/www.winklerbrothers.at\/wp-content\/uploads\/2008\/09\/img_2306.JPG\"><img decoding=\"async\" src=\"http:\/\/www.winklerbrothers.at\/wp-content\/uploads\/2008\/09\/img_2306.thumbnail.JPG\" alt=\"ein nasser Abend\" \/> <\/a><a title=\"Herbert wird schon wieder m\u00fcde \u2026\" href=\"http:\/\/www.winklerbrothers.at\/wp-content\/uploads\/2008\/09\/007_1.JPG\"><img decoding=\"async\" src=\"http:\/\/www.winklerbrothers.at\/wp-content\/uploads\/2008\/09\/007_1.thumbnail.JPG\" alt=\"Herbert wird schon wieder m\u00fcde \u2026\" \/> <\/a><a title=\"Wein und frische Luft \u2026\" href=\"http:\/\/www.winklerbrothers.at\/wp-content\/uploads\/2008\/09\/010.JPG\"><img decoding=\"async\" src=\"http:\/\/www.winklerbrothers.at\/wp-content\/uploads\/2008\/09\/010.thumbnail.JPG\" alt=\"Wein und frische Luft \u2026\" \/> <\/a><a title=\"Wir verziehen uns in die H\u00fctte\" href=\"http:\/\/www.winklerbrothers.at\/wp-content\/uploads\/2008\/09\/011.JPG\"><img decoding=\"async\" src=\"http:\/\/www.winklerbrothers.at\/wp-content\/uploads\/2008\/09\/011.thumbnail.JPG\" alt=\"Wir verziehen uns in die H\u00fctte\" \/> <\/a><a title=\"Auch Herbert ist wieder zu uns gestossen \u2026\" href=\"http:\/\/www.winklerbrothers.at\/wp-content\/uploads\/2008\/09\/015_1.JPG\"><img decoding=\"async\" src=\"http:\/\/www.winklerbrothers.at\/wp-content\/uploads\/2008\/09\/015_1.thumbnail.JPG\" alt=\"Auch Herbert ist wieder zu uns gestossen \u2026\" \/> <\/a><a title=\"\u2026 aber er hat keinen Durst mehr.\" href=\"http:\/\/www.winklerbrothers.at\/wp-content\/uploads\/2008\/09\/013.JPG\"><img decoding=\"async\" src=\"http:\/\/www.winklerbrothers.at\/wp-content\/uploads\/2008\/09\/013.thumbnail.JPG\" alt=\"\u2026 aber er hat keinen Durst mehr.\" \/> <\/a><a title=\"22:00 Uhr ist es erst, wir vier haben es noch lustig\" href=\"http:\/\/www.winklerbrothers.at\/wp-content\/uploads\/2008\/09\/021.JPG\"><img decoding=\"async\" src=\"http:\/\/www.winklerbrothers.at\/wp-content\/uploads\/2008\/09\/021.thumbnail.JPG\" alt=\"22:00 Uhr ist es erst, wir vier haben es noch lustig\" \/> <\/a><a title=\"23:00 Uhr -\" href=\"http:\/\/www.winklerbrothers.at\/wp-content\/uploads\/2008\/09\/022.JPG\"><img decoding=\"async\" src=\"http:\/\/www.winklerbrothers.at\/wp-content\/uploads\/2008\/09\/022.thumbnail.JPG\" alt=\"23:00 Uhr -\" \/> <\/a><a title=\"00:00 Uhr - die Wei\u00dfweinflaschen sind geleert - nehmen wir noch einen Schlummertrunk vom Roten\" href=\"http:\/\/www.winklerbrothers.at\/wp-content\/uploads\/2008\/09\/026.JPG\"><img decoding=\"async\" src=\"http:\/\/www.winklerbrothers.at\/wp-content\/uploads\/2008\/09\/026.thumbnail.JPG\" alt=\"00:00 Uhr - die Wei\u00dfweinflaschen sind geleert - nehmen wir noch einen Schlummertrunk vom Roten\" \/> <\/a><a title=\"Mitternachtsgespr\u00e4che k\u00f6nnen sich hinziehen \u2026\" href=\"http:\/\/www.winklerbrothers.at\/wp-content\/uploads\/2008\/09\/028_1.JPG\"><img decoding=\"async\" src=\"http:\/\/www.winklerbrothers.at\/wp-content\/uploads\/2008\/09\/028_1.thumbnail.JPG\" alt=\"Mitternachtsgespr\u00e4che k\u00f6nnen sich hinziehen \u2026\" \/> <\/a><a title=\"Der n\u00e4chste Morgen, Norbert sitzt schon am Fr\u00fchst\u00fcckstisch\" href=\"http:\/\/www.winklerbrothers.at\/wp-content\/uploads\/2008\/09\/029.JPG\"><img decoding=\"async\" src=\"http:\/\/www.winklerbrothers.at\/wp-content\/uploads\/2008\/09\/029.thumbnail.JPG\" alt=\"Der n\u00e4chste Morgen, Norbert sitzt schon am Fr\u00fchst\u00fcckstisch\" \/> <\/a><a title=\"Auch Toni vertr\u00e4gt schon ein Fr\u00fchst\u00fcck\" href=\"http:\/\/www.winklerbrothers.at\/wp-content\/uploads\/2008\/09\/030.JPG\"><img decoding=\"async\" src=\"http:\/\/www.winklerbrothers.at\/wp-content\/uploads\/2008\/09\/030.thumbnail.JPG\" alt=\"Auch Toni vertr\u00e4gt schon ein Fr\u00fchst\u00fcck\" \/> <\/a><a title=\"Herbert wollte eigentlich \u201cfr\u00fch morgens\u201d die H\u00e4hne beobachten, nun sitzt er am fr\u00fchen Vormittag auf dem Balkon und observiert einen \u00e4senden Rehbock\" href=\"http:\/\/www.winklerbrothers.at\/wp-content\/uploads\/2008\/09\/img_2310_1.JPG\"><img decoding=\"async\" src=\"http:\/\/www.winklerbrothers.at\/wp-content\/uploads\/2008\/09\/img_2310_1.thumbnail.JPG\" alt=\"Herbert wollte eigentlich \u201cfr\u00fch morgens\u201d die H\u00e4hne beobachten, nun sitzt er am fr\u00fchen Vormittag auf dem Balkon und observiert einen \u00e4senden Rehbock\" \/> <\/a><a title=\"Toni will noch ein St\u00fcck den Berg hinauf\" href=\"http:\/\/www.winklerbrothers.at\/wp-content\/uploads\/2008\/09\/jaga-alm.JPG\"><img decoding=\"async\" src=\"http:\/\/www.winklerbrothers.at\/wp-content\/uploads\/2008\/09\/jaga-alm.thumbnail.JPG\" alt=\"Toni will noch ein St\u00fcck den Berg hinauf\" \/> <\/a><a title=\"zu den Thurner Almen\" href=\"http:\/\/www.winklerbrothers.at\/wp-content\/uploads\/2008\/09\/img_2295.JPG\"><img decoding=\"async\" src=\"http:\/\/www.winklerbrothers.at\/wp-content\/uploads\/2008\/09\/img_2295.thumbnail.JPG\" alt=\"zu den Thurner Almen\" \/> <\/a><a title=\"ein l\u00e4rchener Rabe \u201ckrah pinus\u201d\" href=\"http:\/\/www.winklerbrothers.at\/wp-content\/uploads\/2008\/09\/img_2296.JPG\"><img decoding=\"async\" src=\"http:\/\/www.winklerbrothers.at\/wp-content\/uploads\/2008\/09\/img_2296.thumbnail.JPG\" alt=\"ein l\u00e4rchener Rabe \u201ckrah pinus\u201d\" \/> <\/a><a title=\"Ein riesiger Baumschwamm in der alten hohlen L\u00e4rche\" href=\"http:\/\/www.winklerbrothers.at\/wp-content\/uploads\/2008\/09\/img_2317.JPG\"><img decoding=\"async\" src=\"http:\/\/www.winklerbrothers.at\/wp-content\/uploads\/2008\/09\/img_2317.thumbnail.JPG\" alt=\"Ein riesiger Baumschwamm in der alten hohlen L\u00e4rche\" \/> <\/a><a title=\"Bartnelke \u201cdiantus barbathus\u201d\" href=\"http:\/\/www.winklerbrothers.at\/wp-content\/uploads\/2008\/09\/img_2319.JPG\"><img decoding=\"async\" src=\"http:\/\/www.winklerbrothers.at\/wp-content\/uploads\/2008\/09\/img_2319.thumbnail.JPG\" alt=\"Bartnelke \u201cdiantus barbathus\u201d\" \/> <\/a><a title=\"Leimkraut \u201csilene viridiflora\u201d\" href=\"http:\/\/www.winklerbrothers.at\/wp-content\/uploads\/2008\/09\/img_2321.JPG\"><img decoding=\"async\" src=\"http:\/\/www.winklerbrothers.at\/wp-content\/uploads\/2008\/09\/img_2321.thumbnail.JPG\" alt=\"Leimkraut \u201csilene viridiflora\u201d\" \/> <\/a><a title=\"kleine Alpen-K\u00fcchenschelle \u201cpulsatilla alpina austriaca\u201d unter der Thurner Alm\" href=\"http:\/\/www.winklerbrothers.at\/wp-content\/uploads\/2008\/09\/img_2325.JPG\"><img decoding=\"async\" src=\"http:\/\/www.winklerbrothers.at\/wp-content\/uploads\/2008\/09\/img_2325.thumbnail.JPG\" alt=\"kleine Alpen-K\u00fcchenschelle \u201cpulsatilla alpina austriaca\u201d unter der Thurner Alm\" \/> <\/a><a title=\"Der Kranzenzian \u201cgentianella austriaca\u201d bl\u00fcht jetzt \u00fcberall, Thurner Alm, 2100m\" href=\"http:\/\/www.winklerbrothers.at\/wp-content\/uploads\/2008\/09\/img_2338.JPG\"><img decoding=\"async\" src=\"http:\/\/www.winklerbrothers.at\/wp-content\/uploads\/2008\/09\/img_2338.thumbnail.JPG\" alt=\"Der Kranzenzian \u201cgentianella austriaca\u201d bl\u00fcht jetzt \u00fcberall, Thurner Alm, 2100m\" \/> <\/a><a title=\"Kranzenzian\" href=\"http:\/\/www.winklerbrothers.at\/wp-content\/uploads\/2008\/09\/img_2343.JPG\"><img decoding=\"async\" src=\"http:\/\/www.winklerbrothers.at\/wp-content\/uploads\/2008\/09\/img_2343.thumbnail.JPG\" alt=\"Kranzenzian\" \/> <\/a><a title=\"Der Fetthennen-Steinbrech \u201csaxifraga aizoides\u201d bl\u00fcht direkt an den R\u00e4ndern der Quellfluren und B\u00e4che\" href=\"http:\/\/www.winklerbrothers.at\/wp-content\/uploads\/2008\/09\/img_2349.JPG\"><img decoding=\"async\" src=\"http:\/\/www.winklerbrothers.at\/wp-content\/uploads\/2008\/09\/img_2349.thumbnail.JPG\" alt=\"Der Fetthennen-Steinbrech \u201csaxifraga aizoides\u201d bl\u00fcht direkt an den R\u00e4ndern der Quellfluren und B\u00e4che\" \/> <\/a><a title=\"Oberhalb vom Schleinitz H\u00fcttl 2153m, Blick zu den Lienzer Dolomiten\" href=\"http:\/\/www.winklerbrothers.at\/wp-content\/uploads\/2008\/09\/img_2344.JPG\"><img decoding=\"async\" src=\"http:\/\/www.winklerbrothers.at\/wp-content\/uploads\/2008\/09\/img_2344.thumbnail.JPG\" alt=\"Oberhalb vom Schleinitz H\u00fcttl 2153m, Blick zu den Lienzer Dolomiten\" \/> <\/a><a title=\"K\u00e4rntner Tor und Hochstadel\" href=\"http:\/\/www.winklerbrothers.at\/wp-content\/uploads\/2008\/09\/img_2346.JPG\"><img decoding=\"async\" src=\"http:\/\/www.winklerbrothers.at\/wp-content\/uploads\/2008\/09\/img_2346.thumbnail.JPG\" alt=\"K\u00e4rntner Tor und Hochstadel\" \/> <\/a><a title=\"Markant und sogar in der Karte verzeichnet, die aufgeschichteten Steinmauern\" href=\"http:\/\/www.winklerbrothers.at\/wp-content\/uploads\/2008\/09\/img_2347.JPG\"><img decoding=\"async\" src=\"http:\/\/www.winklerbrothers.at\/wp-content\/uploads\/2008\/09\/img_2347.thumbnail.JPG\" alt=\"Markant und sogar in der Karte verzeichnet, die aufgeschichteten Steinmauern\" \/> <\/a><a title=\"Um 15:00 Uhr wandern wir hin\u00fcber zum Naturfreundehaus am Zettersfeld\/Faschingalm\" href=\"http:\/\/www.winklerbrothers.at\/wp-content\/uploads\/2008\/09\/img_2351_1.JPG\"><img decoding=\"async\" src=\"http:\/\/www.winklerbrothers.at\/wp-content\/uploads\/2008\/09\/img_2351_1.thumbnail.JPG\" alt=\"Um 15:00 Uhr wandern wir hin\u00fcber zum Naturfreundehaus am Zettersfeld\/Faschingalm\" \/> <\/a><a title=\"Das Naturfreundehaus auf 1815m\" href=\"http:\/\/www.winklerbrothers.at\/wp-content\/uploads\/2008\/09\/img_2367.JPG\"><img decoding=\"async\" src=\"http:\/\/www.winklerbrothers.at\/wp-content\/uploads\/2008\/09\/img_2367.thumbnail.JPG\" alt=\"Das Naturfreundehaus auf 1815m\" \/> <\/a><a title=\"winklerbrothers vor dem Naturfreundehaus\" href=\"http:\/\/www.winklerbrothers.at\/wp-content\/uploads\/2008\/09\/img_2364-winklerbrothers.JPG\"><img decoding=\"async\" src=\"http:\/\/www.winklerbrothers.at\/wp-content\/uploads\/2008\/09\/img_2364-winklerbrothers.thumbnail.JPG\" alt=\"winklerbrothers vor dem Naturfreundehaus\" \/> <\/a><a title=\"Ein spezielles Men\u00fc ist vorbereitet, primi: Penne della casa\" href=\"http:\/\/www.winklerbrothers.at\/wp-content\/uploads\/2008\/09\/img_2366.JPG\"><img decoding=\"async\" src=\"http:\/\/www.winklerbrothers.at\/wp-content\/uploads\/2008\/09\/img_2366.thumbnail.JPG\" alt=\"Ein spezielles Men\u00fc ist vorbereitet, primi: Penne della casa\" \/> <\/a><a title=\"Hirschsteak mit knusprigen Kroketten und mundigem Rotkraut\" href=\"http:\/\/www.winklerbrothers.at\/wp-content\/uploads\/2008\/09\/img_2370.JPG\"><img decoding=\"async\" src=\"http:\/\/www.winklerbrothers.at\/wp-content\/uploads\/2008\/09\/img_2370.thumbnail.JPG\" alt=\"Hirschsteak mit knusprigen Kroketten und mundigem Rotkraut\" \/> <\/a><a title=\"Da geht uns nichts ab, bei Ludwig und Lisa Neumair im Naturfreundehaus\" href=\"http:\/\/www.winklerbrothers.at\/wp-content\/uploads\/2008\/09\/032.JPG\"><img decoding=\"async\" src=\"http:\/\/www.winklerbrothers.at\/wp-content\/uploads\/2008\/09\/032.thumbnail.JPG\" alt=\"Da geht uns nichts ab, bei Ludwig und Lisa Neumair im Naturfreundehaus\" \/> <\/a><a title=\":)\" href=\"http:\/\/www.winklerbrothers.at\/wp-content\/uploads\/2008\/09\/033.JPG\"><img decoding=\"async\" src=\"http:\/\/www.winklerbrothers.at\/wp-content\/uploads\/2008\/09\/033.thumbnail.JPG\" alt=\":)\" \/> <\/a><a title=\"der Abend ist noch jung und Herbert noch munter\" href=\"http:\/\/www.winklerbrothers.at\/wp-content\/uploads\/2008\/09\/034.JPG\"><img decoding=\"async\" src=\"http:\/\/www.winklerbrothers.at\/wp-content\/uploads\/2008\/09\/034.thumbnail.JPG\" alt=\"der Abend ist noch jung und Herbert noch munter\" \/> <\/a><a title=\"Von der H\u00fctte, ein abendlicher Blick hin\u00fcber zum Hochstadel\" href=\"http:\/\/www.winklerbrothers.at\/wp-content\/uploads\/2008\/09\/img_2368.JPG\"><img decoding=\"async\" src=\"http:\/\/www.winklerbrothers.at\/wp-content\/uploads\/2008\/09\/img_2368.thumbnail.JPG\" alt=\"Von der H\u00fctte, ein abendlicher Blick hin\u00fcber zum Hochstadel\" \/> <\/a><a title=\"Herbert studiert die Tourenvarianten von der H\u00fctte. F\u00fcr den n\u00e4chsten Tag - oder den n\u00e4chsten Urlaub?\" href=\"http:\/\/www.winklerbrothers.at\/wp-content\/uploads\/2008\/09\/016_1.JPG\"><img decoding=\"async\" src=\"http:\/\/www.winklerbrothers.at\/wp-content\/uploads\/2008\/09\/016_1.thumbnail.JPG\" alt=\"Herbert studiert die Tourenvarianten von der H\u00fctte. F\u00fcr den n\u00e4chsten Tag - oder den n\u00e4chsten Urlaub?\" \/> <\/a><a title=\"Herrliches Wetter um 07:00 Uhr morgens\" href=\"http:\/\/www.winklerbrothers.at\/wp-content\/uploads\/2008\/09\/035.JPG\"><img decoding=\"async\" src=\"http:\/\/www.winklerbrothers.at\/wp-content\/uploads\/2008\/09\/035.thumbnail.JPG\" alt=\"Herrliches Wetter um 07:00 Uhr morgens\" \/> <\/a><a id=\"file-link-312\" class=\"file-link image\" title=\"Die Rucks\u00e4cke sind schon wieder gepackt\" href=\"javascript:void(0)\"><img decoding=\"async\" title=\"Die Rucks\u00e4cke sind schon wieder gepackt\" src=\"http:\/\/www.winklerbrothers.at\/wp-content\/uploads\/2008\/09\/036.thumbnail.JPG\" alt=\"Die Rucks\u00e4cke sind schon wieder gepackt\" \/> <\/a><a title=\"Die Morgenlatte \u2026   ;-)\" href=\"http:\/\/www.winklerbrothers.at\/wp-content\/uploads\/2008\/09\/img_2375-esel.JPG\"><img decoding=\"async\" src=\"http:\/\/www.winklerbrothers.at\/wp-content\/uploads\/2008\/09\/img_2375-esel.thumbnail.JPG\" alt=\"Die Morgenlatte \u2026   ;-)\" \/> <\/a><a title=\"Almstimmung am Zettersfeld, aber im Hintergrund rattert der Sessellift, der die Ausfl\u00fcgler hinaufhieft zum Steinermandl\" href=\"http:\/\/www.winklerbrothers.at\/wp-content\/uploads\/2008\/09\/img_2378.JPG\"><img decoding=\"async\" src=\"http:\/\/www.winklerbrothers.at\/wp-content\/uploads\/2008\/09\/img_2378.thumbnail.JPG\" alt=\"Almstimmung am Zettersfeld, aber im Hintergrund rattert der Sessellift, der die Ausfl\u00fcgler hinaufhieft zum Steinermandl\" \/> <\/a><a title=\"am Weg von der Rotmann Alm am Zettersfeld zur Thurner Alm\" href=\"http:\/\/www.winklerbrothers.at\/wp-content\/uploads\/2008\/09\/037.JPG\"><img decoding=\"async\" src=\"http:\/\/www.winklerbrothers.at\/wp-content\/uploads\/2008\/09\/037.thumbnail.JPG\" alt=\"am Weg von der Rotmann Alm am Zettersfeld zur Thurner Alm\" \/> <\/a><a title=\"Einmal im Jahr, alle f\u00fcnf gemeinsam unterwegs\" href=\"http:\/\/www.winklerbrothers.at\/wp-content\/uploads\/2008\/09\/img_2379.JPG\"><img decoding=\"async\" src=\"http:\/\/www.winklerbrothers.at\/wp-content\/uploads\/2008\/09\/img_2379.thumbnail.JPG\" alt=\"Einmal im Jahr, alle f\u00fcnf gemeinsam unterwegs\" \/> <\/a><a title=\"Unterwegs am Sonnensteig auf der Schleinitz-S\u00fcdseite\" href=\"http:\/\/www.winklerbrothers.at\/wp-content\/uploads\/2008\/09\/img_2381.JPG\"><img decoding=\"async\" src=\"http:\/\/www.winklerbrothers.at\/wp-content\/uploads\/2008\/09\/img_2381.thumbnail.JPG\" alt=\"Unterwegs am Sonnensteig auf der Schleinitz-S\u00fcdseite\" \/> <\/a><a title=\"ein Riesen-Eierschw\u00e4mmle - und noch jede Menge kleinere !!\" href=\"http:\/\/www.winklerbrothers.at\/wp-content\/uploads\/2008\/09\/041_1.JPG\"><img decoding=\"async\" src=\"http:\/\/www.winklerbrothers.at\/wp-content\/uploads\/2008\/09\/041_1.thumbnail.JPG\" alt=\"ein Riesen-Eierschw\u00e4mmle - und noch jede Menge kleinere !!\" \/><\/a><a id=\"file-link-319\" class=\"file-link image\" title=\"Walter schie\u00dft ein gutes Foto dieses Admirals \u201cvanessa atalanta\u201d\" href=\"javascript:void(0)\"> <\/a><a title=\"Walter schie\u00dft ein gutes Foto dieses Admirals \u201cvanessa atalanta\u201d\" href=\"http:\/\/www.winklerbrothers.at\/wp-content\/uploads\/2008\/09\/040_1.JPG\"><img decoding=\"async\" src=\"http:\/\/www.winklerbrothers.at\/wp-content\/uploads\/2008\/09\/040_1.thumbnail.JPG\" alt=\"Walter schie\u00dft ein gutes Foto dieses Admirals \u201cvanessa atalanta\u201d\" \/><\/a><a title=\"sch\u00f6ne gro\u00dfe Forellen\" href=\"http:\/\/www.winklerbrothers.at\/wp-content\/uploads\/2008\/09\/005.JPG\"> <\/a><a id=\"file-link-271\" class=\"file-link image\" title=\"Walter serviert eine herrliche gebratene Forelle mit Kartoffeln\" href=\"javascript:void(0)\"> <\/a><\/p>\n","protected":false},"excerpt":{"rendered":"<p>Br\u00fcdertreffen 2008 am Zettersfeld<\/p>\n","protected":false},"author":2,"featured_media":0,"comment_status":"open","ping_status":"closed","sticky":false,"template":"","format":"standard","meta":{"footnotes":""},"categories":[8,4],"tags":[27,30],"class_list":["post-200","post","type-post","status-publish","format-standard","hentry","category-osttirol","category-treffen","tag-httpwwwhikrorgtourpost8173html","tag-httpwwwurlaub-anbietercomnaturfreunde-huettehtm"],"_links":{"self":[{"href":"http:\/\/www.winklerbrothers.at\/index.php?rest_route=\/wp\/v2\/posts\/200","targetHints":{"allow":["GET"]}}],"collection":[{"href":"http:\/\/www.winklerbrothers.at\/index.php?rest_route=\/wp\/v2\/posts"}],"about":[{"href":"http:\/\/www.winklerbrothers.at\/index.php?rest_route=\/wp\/v2\/types\/post"}],"author":[{"embeddable":true,"href":"http:\/\/www.winklerbrothers.at\/index.php?rest_route=\/wp\/v2\/users\/2"}],"replies":[{"embeddable":true,"href":"http:\/\/www.winklerbrothers.at\/index.php?rest_route=%2Fwp%2Fv2%2Fcomments&post=200"}],"version-history":[{"count":1,"href":"http:\/\/www.winklerbrothers.at\/index.php?rest_route=\/wp\/v2\/posts\/200\/revisions"}],"predecessor-version":[{"id":2315,"href":"http:\/\/www.winklerbrothers.at\/index.php?rest_route=\/wp\/v2\/posts\/200\/revisions\/2315"}],"wp:attachment":[{"href":"http:\/\/www.winklerbrothers.at\/index.php?rest_route=%2Fwp%2Fv2%2Fmedia&parent=200"}],"wp:term":[{"taxonomy":"category","embeddable":true,"href":"http:\/\/www.winklerbrothers.at\/index.php?rest_route=%2Fwp%2Fv2%2Fcategories&post=200"},{"taxonomy":"post_tag","embeddable":true,"href":"http:\/\/www.winklerbrothers.at\/index.php?rest_route=%2Fwp%2Fv2%2Ftags&post=200"}],"curies":[{"name":"wp","href":"https:\/\/api.w.org\/{rel}","templated":true}]}}