{"id":182,"date":"2006-11-19T18:55:24","date_gmt":"2006-11-19T16:55:24","guid":{"rendered":"http:\/\/www.winklerbrothers.at\/?p=182"},"modified":"2013-11-12T00:16:35","modified_gmt":"2013-11-11T22:16:35","slug":"bei-rebecca-in-lienz","status":"publish","type":"post","link":"http:\/\/www.winklerbrothers.at\/?p=182","title":{"rendered":"Bei Rebecca in Lienz"},"content":{"rendered":"<p><a title=\"Geli, Rebecca, Pascal\" href=\"http:\/\/www.winklerbrothers.at\/wp-content\/uploads\/2008\/03\/geli-rebecca-pascal.jpg\"><img decoding=\"async\" src=\"http:\/\/www.winklerbrothers.at\/wp-content\/uploads\/2008\/03\/geli-rebecca-pascal.thumbnail.jpg\" alt=\"Geli, Rebecca, Pascal\" \/><\/a><\/p>\n<p><!--more-->Im November machen wir einen Besuch bei Oma, Peter und Renate und ihrer kleinen Rebecca in Lienz. Wir werden wir immer mit Mama&#8217;s Schlipfkrapfen verw\u00f6hnt &#8211; den allerbesten, die&#8217;s gibt. Rebecca ist ein herziger &#8222;Bolla&#8220; und als erstes M\u00e4dchen bei Winkler&#8217;s nat\u00fcrlich etwas ganz besonderes!<\/p>\n<p><a href=\"http:\/\/www.winklerbrothers.at\/wp-content\/uploads\/2008\/03\/geli-mit-rebecca.jpg\"><img decoding=\"async\" src=\"http:\/\/www.winklerbrothers.at\/wp-content\/uploads\/2008\/03\/geli-mit-rebecca.thumbnail.jpg\" alt=\"\" \/> <\/a><a title=\"Rebecca, Nov. 2006\" href=\"http:\/\/www.winklerbrothers.at\/wp-content\/uploads\/2008\/03\/2006_11rebecca_0423.JPG\"><img decoding=\"async\" src=\"http:\/\/www.winklerbrothers.at\/wp-content\/uploads\/2008\/03\/2006_11rebecca_0423.thumbnail.JPG\" alt=\"Rebecca, Nov. 2006\" \/> <\/a><a title=\"Pascal\" href=\"http:\/\/www.winklerbrothers.at\/wp-content\/uploads\/2008\/03\/2006_11pascal-lienz_0415.JPG\"><img decoding=\"async\" src=\"http:\/\/www.winklerbrothers.at\/wp-content\/uploads\/2008\/03\/2006_11pascal-lienz_0415.thumbnail.JPG\" alt=\"Pascal\" \/><\/a><\/p>\n","protected":false},"excerpt":{"rendered":"","protected":false},"author":2,"featured_media":0,"comment_status":"closed","ping_status":"closed","sticky":false,"template":"","format":"standard","meta":{"footnotes":""},"categories":[3,10,8],"tags":[],"class_list":["post-182","post","type-post","status-publish","format-standard","hentry","category-bilder","category-familie","category-osttirol"],"_links":{"self":[{"href":"http:\/\/www.winklerbrothers.at\/index.php?rest_route=\/wp\/v2\/posts\/182","targetHints":{"allow":["GET"]}}],"collection":[{"href":"http:\/\/www.winklerbrothers.at\/index.php?rest_route=\/wp\/v2\/posts"}],"about":[{"href":"http:\/\/www.winklerbrothers.at\/index.php?rest_route=\/wp\/v2\/types\/post"}],"author":[{"embeddable":true,"href":"http:\/\/www.winklerbrothers.at\/index.php?rest_route=\/wp\/v2\/users\/2"}],"replies":[{"embeddable":true,"href":"http:\/\/www.winklerbrothers.at\/index.php?rest_route=%2Fwp%2Fv2%2Fcomments&post=182"}],"version-history":[{"count":1,"href":"http:\/\/www.winklerbrothers.at\/index.php?rest_route=\/wp\/v2\/posts\/182\/revisions"}],"predecessor-version":[{"id":2434,"href":"http:\/\/www.winklerbrothers.at\/index.php?rest_route=\/wp\/v2\/posts\/182\/revisions\/2434"}],"wp:attachment":[{"href":"http:\/\/www.winklerbrothers.at\/index.php?rest_route=%2Fwp%2Fv2%2Fmedia&parent=182"}],"wp:term":[{"taxonomy":"category","embeddable":true,"href":"http:\/\/www.winklerbrothers.at\/index.php?rest_route=%2Fwp%2Fv2%2Fcategories&post=182"},{"taxonomy":"post_tag","embeddable":true,"href":"http:\/\/www.winklerbrothers.at\/index.php?rest_route=%2Fwp%2Fv2%2Ftags&post=182"}],"curies":[{"name":"wp","href":"https:\/\/api.w.org\/{rel}","templated":true}]}}